{"id":7122,"date":"2023-09-02T18:39:36","date_gmt":"2023-09-02T21:39:36","guid":{"rendered":"https:\/\/diariorepublica.com.ar\/web\/?p=7122"},"modified":"2023-09-02T18:39:37","modified_gmt":"2023-09-02T21:39:37","slug":"velez-vs-river-por-la-copa-de-la-liga-profesional","status":"publish","type":"post","link":"https:\/\/diariorepublica.com.ar\/web\/index.php\/deportes\/2023\/09\/02\/velez-vs-river-por-la-copa-de-la-liga-profesional\/","title":{"rendered":"V\u00e9lez vs. River, por la Copa de la Liga Profesional"},"content":{"rendered":"<p><b>River\u00a0<\/b>apuesta todas sus fichas a la\u00a0<b>Copa de la Liga Profesional\u00a0<\/b>y este s\u00e1bado, desde las 21.30, buscar\u00e1 dar otro paso m\u00e1s ante\u00a0<b>V\u00e9lez\u00a0<\/b>tras la goleada a Barracas Central. Por la tercera fecha del certamen, el Millonario ir\u00e1 en busca de un nuevo triunfo para seguir subiendo en la Zona 1, mientras que el Fort\u00edn intentar\u00e1 seguir sumando para no complicarse en el fondo.<\/p>\n<p>Recuperado del sacud\u00f3n en la Copa Libertadores tras un contundente 5-1 ante el Guapo en el Monumental, el Millonario llega envalentonado a Liniers y con el objetivo de seguir pisando fuerte ante un conjunto local que atraviesa un duro presente.<\/p>\n<p>Para mantenerse por la seguidilla del triunfo, a priori\u00a0<b>la intenci\u00f3n de Mart\u00edn Demichelis es no meter mucha mano en el equipo<\/b>\u00a0que viene de dar una buena presentaci\u00f3n el \u00faltimo fin de semana, sobre todo teniendo en cuenta que seguir\u00e1 sin poder contar con piezas claves como Leandro Gonz\u00e1lez P\u00edrez, Paulo D\u00edaz y Rodrigo Aliendro.<\/p>\n<p>A esta hora la chance m\u00e1s concreta de acuerdo a la informaci\u00f3n que surgi\u00f3 de los entrenamientos en el River Camp es que haya<b>\u00a0una variante ofensiva en el once.<\/b>\u00a0Lo que debe terminar de decidir el entrenador es\u00a0<b>si juega desde el arranque Manuel Lanzini -en ese caso repetir\u00eda el once- o vuelve a la titularidad Nacho Fern\u00e1ndez.<\/b><\/p>\n<p>Por su parte,\u00a0<b>V\u00e9lez\u00a0<\/b>llega en un momento dif\u00edcil desde lo institucional y en lo deportivo, luchando por salir del fondo de la tabla anual para no complicarse con el descenso. En su debut en la Copa LPF, el Fort\u00edn\u00a0<b>cay\u00f3 con Independiente 2-1 sobre el final,<\/b>\u00a0tras el pol\u00e9mico penal que termin\u00f3 convirtiendo Mat\u00edas Gim\u00e9nez Rojas, y ahora intentar\u00e1 recomponerse con su gente ante River.<\/p>\n<ul>\n<li><u>Hora<\/u>: 21:30.<\/li>\n<li><u>TV<\/u>: TNT Sports.<\/li>\n<li><u>\u00c1rbitro<\/u>: Pablo Echavarr\u00eda.<\/li>\n<li><u>Estadio<\/u>: Amalfitani.<\/li>\n<\/ul>\n<p>FUENTE: tycsports.com<\/p>\n","protected":false},"excerpt":{"rendered":"<p>River\u00a0apuesta todas sus fichas a la\u00a0Copa de la Liga Profesional\u00a0y este s\u00e1bado, desde las 21.30, buscar\u00e1 dar otro paso m\u00e1s<\/p>\n","protected":false},"author":1,"featured_media":7123,"comment_status":"closed","ping_status":"closed","sticky":false,"template":"","format":"standard","meta":{"footnotes":"","jetpack_publicize_message":"","jetpack_publicize_feature_enabled":true,"jetpack_social_post_already_shared":true,"jetpack_social_options":{"image_generator_settings":{"template":"highway","enabled":false},"version":2}},"categories":[9],"tags":[],"class_list":["post-7122","post","type-post","status-publish","format-standard","has-post-thumbnail","hentry","category-deportes"],"jetpack_publicize_connections":[],"_links":{"self":[{"href":"https:\/\/diariorepublica.com.ar\/web\/index.php\/wp-json\/wp\/v2\/posts\/7122"}],"collection":[{"href":"https:\/\/diariorepublica.com.ar\/web\/index.php\/wp-json\/wp\/v2\/posts"}],"about":[{"href":"https:\/\/diariorepublica.com.ar\/web\/index.php\/wp-json\/wp\/v2\/types\/post"}],"author":[{"embeddable":true,"href":"https:\/\/diariorepublica.com.ar\/web\/index.php\/wp-json\/wp\/v2\/users\/1"}],"replies":[{"embeddable":true,"href":"https:\/\/diariorepublica.com.ar\/web\/index.php\/wp-json\/wp\/v2\/comments?post=7122"}],"version-history":[{"count":1,"href":"https:\/\/diariorepublica.com.ar\/web\/index.php\/wp-json\/wp\/v2\/posts\/7122\/revisions"}],"predecessor-version":[{"id":7124,"href":"https:\/\/diariorepublica.com.ar\/web\/index.php\/wp-json\/wp\/v2\/posts\/7122\/revisions\/7124"}],"wp:featuredmedia":[{"embeddable":true,"href":"https:\/\/diariorepublica.com.ar\/web\/index.php\/wp-json\/wp\/v2\/media\/7123"}],"wp:attachment":[{"href":"https:\/\/diariorepublica.com.ar\/web\/index.php\/wp-json\/wp\/v2\/media?parent=7122"}],"wp:term":[{"taxonomy":"category","embeddable":true,"href":"https:\/\/diariorepublica.com.ar\/web\/index.php\/wp-json\/wp\/v2\/categories?post=7122"},{"taxonomy":"post_tag","embeddable":true,"href":"https:\/\/diariorepublica.com.ar\/web\/index.php\/wp-json\/wp\/v2\/tags?post=7122"}],"curies":[{"name":"wp","href":"https:\/\/api.w.org\/{rel}","templated":true}]}}