{"id":7134,"date":"2023-09-04T08:43:46","date_gmt":"2023-09-04T11:43:46","guid":{"rendered":"https:\/\/diariorepublica.com.ar\/web\/?p=7134"},"modified":"2023-09-04T08:43:48","modified_gmt":"2023-09-04T11:43:48","slug":"es-ley-la-semana-de-lucha-contra-la-discriminacion-por-gordofobia","status":"publish","type":"post","link":"https:\/\/diariorepublica.com.ar\/web\/index.php\/politica\/2023\/09\/04\/es-ley-la-semana-de-lucha-contra-la-discriminacion-por-gordofobia\/","title":{"rendered":"Es Ley la Semana de Lucha contra la Discriminaci\u00f3n por Gordofobia"},"content":{"rendered":"<p>Por unanimidad el Senado de la Provincia dio sanci\u00f3n definitiva a la ley que desde ahora lleva el N\u00b0 5.815, y que instituye la primera semana del mes de marzo como \u201cSemana Provincial de Lucha contra la Discriminaci\u00f3n por Gordofobia\u201d. El proyecto fue iniciativa de la diputada Adriana D\u00edaz.<\/p>\n<p>Al respecto D\u00edaz se\u00f1al\u00f3: \u201cCuando present\u00e9 este proyecto de ley fue para abordarlo principalmente desde el paradigma de derechos humanos. Esto signific\u00f3 pensarlo desde la discriminaci\u00f3n y las consecuencias que sufren las personas gordas en nuestra sociedad, pero tambi\u00e9n de lo que significa la violencia simb\u00f3lica y los estereotipos de belleza\u201d.<\/p>\n","protected":false},"excerpt":{"rendered":"<p>Por unanimidad el Senado de la Provincia dio sanci\u00f3n definitiva a la ley que desde ahora lleva el N\u00b0 5.815,<\/p>\n","protected":false},"author":2,"featured_media":7135,"comment_status":"closed","ping_status":"closed","sticky":false,"template":"","format":"standard","meta":{"footnotes":"","jetpack_publicize_message":"","jetpack_publicize_feature_enabled":true,"jetpack_social_post_already_shared":true,"jetpack_social_options":{"image_generator_settings":{"template":"highway","enabled":false},"version":2}},"categories":[12],"tags":[],"class_list":["post-7134","post","type-post","status-publish","format-standard","has-post-thumbnail","hentry","category-politica"],"jetpack_publicize_connections":[],"_links":{"self":[{"href":"https:\/\/diariorepublica.com.ar\/web\/index.php\/wp-json\/wp\/v2\/posts\/7134"}],"collection":[{"href":"https:\/\/diariorepublica.com.ar\/web\/index.php\/wp-json\/wp\/v2\/posts"}],"about":[{"href":"https:\/\/diariorepublica.com.ar\/web\/index.php\/wp-json\/wp\/v2\/types\/post"}],"author":[{"embeddable":true,"href":"https:\/\/diariorepublica.com.ar\/web\/index.php\/wp-json\/wp\/v2\/users\/2"}],"replies":[{"embeddable":true,"href":"https:\/\/diariorepublica.com.ar\/web\/index.php\/wp-json\/wp\/v2\/comments?post=7134"}],"version-history":[{"count":1,"href":"https:\/\/diariorepublica.com.ar\/web\/index.php\/wp-json\/wp\/v2\/posts\/7134\/revisions"}],"predecessor-version":[{"id":7136,"href":"https:\/\/diariorepublica.com.ar\/web\/index.php\/wp-json\/wp\/v2\/posts\/7134\/revisions\/7136"}],"wp:featuredmedia":[{"embeddable":true,"href":"https:\/\/diariorepublica.com.ar\/web\/index.php\/wp-json\/wp\/v2\/media\/7135"}],"wp:attachment":[{"href":"https:\/\/diariorepublica.com.ar\/web\/index.php\/wp-json\/wp\/v2\/media?parent=7134"}],"wp:term":[{"taxonomy":"category","embeddable":true,"href":"https:\/\/diariorepublica.com.ar\/web\/index.php\/wp-json\/wp\/v2\/categories?post=7134"},{"taxonomy":"post_tag","embeddable":true,"href":"https:\/\/diariorepublica.com.ar\/web\/index.php\/wp-json\/wp\/v2\/tags?post=7134"}],"curies":[{"name":"wp","href":"https:\/\/api.w.org\/{rel}","templated":true}]}}