{"id":7137,"date":"2023-09-04T08:58:33","date_gmt":"2023-09-04T11:58:33","guid":{"rendered":"https:\/\/diariorepublica.com.ar\/web\/?p=7137"},"modified":"2023-09-04T08:58:38","modified_gmt":"2023-09-04T11:58:38","slug":"bar-caravati-buscan-llegar-a-un-acuerdo","status":"publish","type":"post","link":"https:\/\/diariorepublica.com.ar\/web\/index.php\/sociedad\/2023\/09\/04\/bar-caravati-buscan-llegar-a-un-acuerdo\/","title":{"rendered":"Bar Caravati: Buscan llegar a un acuerdo"},"content":{"rendered":"<p>Tras el esc\u00e1ndalo en el restaurant Caravati, ahora se busca llegar a un acuerdo en el que mediar\u00e1 el secretario de los gastron\u00f3micos, Fabi\u00e1n Vega, con la intenci\u00f3n de resguardar las 35 fuentes de trabajo. El empresario Esteban Cano solicit\u00f3 tres meses para dejar el lugar y buscar un nuevo local para trasladar su emprendimiento.<\/p>\n<p>El viernes \u00faltimo, la Comisi\u00f3n Directiva del Club Social acept\u00f3 prorrogar la estad\u00eda por tres meses, pero trascendi\u00f3 que ser\u00eda con un aumento de alquiler del 50%.<\/p>\n<p>Vega llevar\u00e1 hoy la propuesta a Esteban Cano para ver si acepta los nuevos t\u00e9rminos del contrato de desocupaci\u00f3n, que ya ser\u00eda sin la atenci\u00f3n preferencial a los socios del Club Social por el conflicto generado.<\/p>\n","protected":false},"excerpt":{"rendered":"<p>Tras el esc\u00e1ndalo en el restaurant Caravati, ahora se busca llegar a un acuerdo en el que mediar\u00e1 el secretario<\/p>\n","protected":false},"author":2,"featured_media":7138,"comment_status":"closed","ping_status":"closed","sticky":false,"template":"","format":"standard","meta":{"footnotes":"","jetpack_publicize_message":"","jetpack_publicize_feature_enabled":true,"jetpack_social_post_already_shared":true,"jetpack_social_options":{"image_generator_settings":{"template":"highway","enabled":false},"version":2}},"categories":[3],"tags":[],"class_list":["post-7137","post","type-post","status-publish","format-standard","has-post-thumbnail","hentry","category-sociedad"],"jetpack_publicize_connections":[],"_links":{"self":[{"href":"https:\/\/diariorepublica.com.ar\/web\/index.php\/wp-json\/wp\/v2\/posts\/7137"}],"collection":[{"href":"https:\/\/diariorepublica.com.ar\/web\/index.php\/wp-json\/wp\/v2\/posts"}],"about":[{"href":"https:\/\/diariorepublica.com.ar\/web\/index.php\/wp-json\/wp\/v2\/types\/post"}],"author":[{"embeddable":true,"href":"https:\/\/diariorepublica.com.ar\/web\/index.php\/wp-json\/wp\/v2\/users\/2"}],"replies":[{"embeddable":true,"href":"https:\/\/diariorepublica.com.ar\/web\/index.php\/wp-json\/wp\/v2\/comments?post=7137"}],"version-history":[{"count":1,"href":"https:\/\/diariorepublica.com.ar\/web\/index.php\/wp-json\/wp\/v2\/posts\/7137\/revisions"}],"predecessor-version":[{"id":7139,"href":"https:\/\/diariorepublica.com.ar\/web\/index.php\/wp-json\/wp\/v2\/posts\/7137\/revisions\/7139"}],"wp:featuredmedia":[{"embeddable":true,"href":"https:\/\/diariorepublica.com.ar\/web\/index.php\/wp-json\/wp\/v2\/media\/7138"}],"wp:attachment":[{"href":"https:\/\/diariorepublica.com.ar\/web\/index.php\/wp-json\/wp\/v2\/media?parent=7137"}],"wp:term":[{"taxonomy":"category","embeddable":true,"href":"https:\/\/diariorepublica.com.ar\/web\/index.php\/wp-json\/wp\/v2\/categories?post=7137"},{"taxonomy":"post_tag","embeddable":true,"href":"https:\/\/diariorepublica.com.ar\/web\/index.php\/wp-json\/wp\/v2\/tags?post=7137"}],"curies":[{"name":"wp","href":"https:\/\/api.w.org\/{rel}","templated":true}]}}