{"id":7223,"date":"2023-09-06T07:11:47","date_gmt":"2023-09-06T10:11:47","guid":{"rendered":"https:\/\/diariorepublica.com.ar\/web\/?p=7223"},"modified":"2023-09-06T07:11:48","modified_gmt":"2023-09-06T10:11:48","slug":"legislador-nacional-solicito-informes-a-anses","status":"publish","type":"post","link":"https:\/\/diariorepublica.com.ar\/web\/index.php\/politica\/2023\/09\/06\/legislador-nacional-solicito-informes-a-anses\/","title":{"rendered":"Legislador nacional solicit\u00f3 informes a Anses"},"content":{"rendered":"<p>A trav\u00e9s de un pedido de \u201cacceso a la informaci\u00f3n p\u00fablica\u201d, el diputado nacional Rub\u00e9n Manzi solicit\u00f3 a la titular de la ANSES Fernanda Raverta que brinde detalles sobre el anuncio realizado por el ministro de Econom\u00eda y candidato a presidente de la naci\u00f3n Sergio Massa, respecto del pago de un bono de 37 mil pesos a jubilados y pensionados que cobran la m\u00ednima.<\/p>\n<p>Tambi\u00e9n pidi\u00f3 informaci\u00f3n sobre el nuevo programa de cr\u00e9ditos personales para titulares de jubilaciones y pensiones.<\/p>\n<p>El legislador quiere saber concretamente si a la fecha, hay alg\u00fan r\u00e9gimen especial que no est\u00e9 incluido en el Sistema Integrado Previsional Argentino (SIPA) por lo cual algunos jubilados sean privados del beneficio de los bonos instituidos por los Decretos 105\/23, 282\/23 y 436\/2023 DECNU-2023-436-APN-PTE \u2013 Modificaci\u00f3n, y en caso de respuesta positiva, cu\u00e1les son esos reg\u00edmenes, cu\u00e1ntos jubilados que perciben el haber m\u00ednimo no est\u00e1n cobrando los bonos otorgados por el ANSES a manera de refuerzo de dicho haber.<\/p>\n<p>Tambi\u00e9n solicita que se informa si el organismo tiene previsto alg\u00fan instrumento para subsanar esta situaci\u00f3n de desigualdad para que realmente ning\u00fan jubilado o jubilada perciba un monto inferior a los $124.460 tal como publica ANSES en sus canales oficiales.<\/p>\n","protected":false},"excerpt":{"rendered":"<p>A trav\u00e9s de un pedido de \u201cacceso a la informaci\u00f3n p\u00fablica\u201d, el diputado nacional Rub\u00e9n Manzi solicit\u00f3 a la titular<\/p>\n","protected":false},"author":2,"featured_media":7224,"comment_status":"closed","ping_status":"closed","sticky":false,"template":"","format":"standard","meta":{"footnotes":"","jetpack_publicize_message":"","jetpack_publicize_feature_enabled":true,"jetpack_social_post_already_shared":true,"jetpack_social_options":{"image_generator_settings":{"template":"highway","enabled":false},"version":2}},"categories":[12],"tags":[],"class_list":["post-7223","post","type-post","status-publish","format-standard","has-post-thumbnail","hentry","category-politica"],"jetpack_publicize_connections":[],"_links":{"self":[{"href":"https:\/\/diariorepublica.com.ar\/web\/index.php\/wp-json\/wp\/v2\/posts\/7223"}],"collection":[{"href":"https:\/\/diariorepublica.com.ar\/web\/index.php\/wp-json\/wp\/v2\/posts"}],"about":[{"href":"https:\/\/diariorepublica.com.ar\/web\/index.php\/wp-json\/wp\/v2\/types\/post"}],"author":[{"embeddable":true,"href":"https:\/\/diariorepublica.com.ar\/web\/index.php\/wp-json\/wp\/v2\/users\/2"}],"replies":[{"embeddable":true,"href":"https:\/\/diariorepublica.com.ar\/web\/index.php\/wp-json\/wp\/v2\/comments?post=7223"}],"version-history":[{"count":1,"href":"https:\/\/diariorepublica.com.ar\/web\/index.php\/wp-json\/wp\/v2\/posts\/7223\/revisions"}],"predecessor-version":[{"id":7225,"href":"https:\/\/diariorepublica.com.ar\/web\/index.php\/wp-json\/wp\/v2\/posts\/7223\/revisions\/7225"}],"wp:featuredmedia":[{"embeddable":true,"href":"https:\/\/diariorepublica.com.ar\/web\/index.php\/wp-json\/wp\/v2\/media\/7224"}],"wp:attachment":[{"href":"https:\/\/diariorepublica.com.ar\/web\/index.php\/wp-json\/wp\/v2\/media?parent=7223"}],"wp:term":[{"taxonomy":"category","embeddable":true,"href":"https:\/\/diariorepublica.com.ar\/web\/index.php\/wp-json\/wp\/v2\/categories?post=7223"},{"taxonomy":"post_tag","embeddable":true,"href":"https:\/\/diariorepublica.com.ar\/web\/index.php\/wp-json\/wp\/v2\/tags?post=7223"}],"curies":[{"name":"wp","href":"https:\/\/api.w.org\/{rel}","templated":true}]}}