{"id":7226,"date":"2023-09-06T07:32:33","date_gmt":"2023-09-06T10:32:33","guid":{"rendered":"https:\/\/diariorepublica.com.ar\/web\/?p=7226"},"modified":"2023-09-06T07:32:35","modified_gmt":"2023-09-06T10:32:35","slug":"este-hombre-esta-mal-de-la-cabeza","status":"publish","type":"post","link":"https:\/\/diariorepublica.com.ar\/web\/index.php\/politica\/2023\/09\/06\/este-hombre-esta-mal-de-la-cabeza\/","title":{"rendered":"\u00abEste hombre est\u00e1 mal de la cabeza\u00bb"},"content":{"rendered":"<p>El diputado y presidente de la UCR provincial Alfredo Marchioli desminti\u00f3 en las \u00faltimas horas al traider Edgar Adhemar Bacchiani quien en su indagatoria, en el marco de la causa Adhemar Capital en la cual se investigan estafas, lo mencion\u00f3 como uno de los responsables de cancelaci\u00f3n anticipada de su contrato y hasta lo involucr\u00f3 en incidentes.<\/p>\n<p>Marchioli desminti\u00f3 haber tenido alg\u00fan contacto personal o telef\u00f3nico con el imputado por estafas, apuntando a una \u201chistoria fantasiosa\u201d, \u201cproblemas de salud mental\u201d u otra intencionalidad que podr\u00eda ser pol\u00edtica.<\/p>\n<p>Marchioli se\u00f1al\u00f3 que a pesar de todo, no iniciar\u00e1 presentaciones judiciales. \u00abNo le voy hacer perder tiempo a la Justicia por calumnias e injurias de alguien que es un delincuente o un estafador\u00bb y remarc\u00f3 que hay gente que invirti\u00f3 fue estafada y a\u00fan espera una respuesta.<\/p>\n","protected":false},"excerpt":{"rendered":"<p>El diputado y presidente de la UCR provincial Alfredo Marchioli desminti\u00f3 en las \u00faltimas horas al traider Edgar Adhemar Bacchiani<\/p>\n","protected":false},"author":2,"featured_media":7228,"comment_status":"closed","ping_status":"closed","sticky":false,"template":"","format":"standard","meta":{"footnotes":"","jetpack_publicize_message":"","jetpack_publicize_feature_enabled":true,"jetpack_social_post_already_shared":true,"jetpack_social_options":{"image_generator_settings":{"template":"highway","enabled":false},"version":2}},"categories":[12],"tags":[],"class_list":["post-7226","post","type-post","status-publish","format-standard","has-post-thumbnail","hentry","category-politica"],"jetpack_publicize_connections":[],"_links":{"self":[{"href":"https:\/\/diariorepublica.com.ar\/web\/index.php\/wp-json\/wp\/v2\/posts\/7226"}],"collection":[{"href":"https:\/\/diariorepublica.com.ar\/web\/index.php\/wp-json\/wp\/v2\/posts"}],"about":[{"href":"https:\/\/diariorepublica.com.ar\/web\/index.php\/wp-json\/wp\/v2\/types\/post"}],"author":[{"embeddable":true,"href":"https:\/\/diariorepublica.com.ar\/web\/index.php\/wp-json\/wp\/v2\/users\/2"}],"replies":[{"embeddable":true,"href":"https:\/\/diariorepublica.com.ar\/web\/index.php\/wp-json\/wp\/v2\/comments?post=7226"}],"version-history":[{"count":1,"href":"https:\/\/diariorepublica.com.ar\/web\/index.php\/wp-json\/wp\/v2\/posts\/7226\/revisions"}],"predecessor-version":[{"id":7229,"href":"https:\/\/diariorepublica.com.ar\/web\/index.php\/wp-json\/wp\/v2\/posts\/7226\/revisions\/7229"}],"wp:featuredmedia":[{"embeddable":true,"href":"https:\/\/diariorepublica.com.ar\/web\/index.php\/wp-json\/wp\/v2\/media\/7228"}],"wp:attachment":[{"href":"https:\/\/diariorepublica.com.ar\/web\/index.php\/wp-json\/wp\/v2\/media?parent=7226"}],"wp:term":[{"taxonomy":"category","embeddable":true,"href":"https:\/\/diariorepublica.com.ar\/web\/index.php\/wp-json\/wp\/v2\/categories?post=7226"},{"taxonomy":"post_tag","embeddable":true,"href":"https:\/\/diariorepublica.com.ar\/web\/index.php\/wp-json\/wp\/v2\/tags?post=7226"}],"curies":[{"name":"wp","href":"https:\/\/api.w.org\/{rel}","templated":true}]}}