{"id":7254,"date":"2023-09-06T08:42:56","date_gmt":"2023-09-06T11:42:56","guid":{"rendered":"https:\/\/diariorepublica.com.ar\/web\/?p=7254"},"modified":"2023-09-06T08:42:57","modified_gmt":"2023-09-06T11:42:57","slug":"alerta-meteorologica-por-vientos-fuertes","status":"publish","type":"post","link":"https:\/\/diariorepublica.com.ar\/web\/index.php\/locales\/2023\/09\/06\/alerta-meteorologica-por-vientos-fuertes\/","title":{"rendered":"Alerta meteorol\u00f3gica por vientos fuertes"},"content":{"rendered":"<p>El informe del pron\u00f3stico del tiempo elaborado los profesionales del Observatorio Climatol\u00f3gico de la Universidad Nacional de Catamarca indica que el d\u00eda de hoy tendremos en cielo algo nublado, con vientos entre regulares a fuertes con r\u00e1fagas del norte que nuevamente alcanzara y hasta puede superar los 70km\/h como lo dice el alerta amarilla por viento. Reci\u00e9n por la madrugada descender\u00e1 su intensidad. La temperatura m\u00e1xima ser\u00e1 similar a la de ayer, con 22\u00b0C de m\u00e1xima y 12\u00b0C de m\u00ednima.<\/p>\n<p>Para los pr\u00f3ximos d\u00edas: ma\u00f1ana jueves tendremos el cielo algo nublado, la temperatura ascender\u00e1 levemente y alcanzara los 24\u00b0C con vientos moderados a fuertes del norte durante todo el d\u00eda, con r\u00e1fagas que pueden alcanzar los 45 o 50km\/h.<\/p>\n<p>El viernes continuar\u00e1 el viento intenso desde la ma\u00f1ana. La temperatura m\u00e1xima ser\u00e1 de 22\u00b0C y continuamos con abundante nubosidad.<\/p>\n<p>Adelanto: para el d\u00eda s\u00e1bado y domingo continuar\u00e1 el viento intenso por las tardes y aumentar\u00e1 notablemente la temperatura m\u00e1xima con 26\u00b0C el s\u00e1bado y pasando los 30\u00b0C el domingo.<\/p>\n<p>Alerta amarilla por vientos<br \/>\nEl Servicio Meteorol\u00f3gico Nacional emiti\u00f3 hoy mi\u00e9rcoles una alerta amarilla por vientos para los departamentos Ambato &#8211; Ancasti &#8211; Capay\u00e1n &#8211; Capital &#8211; El Alto &#8211; Fray Mamerto Esqui\u00fa &#8211; La Paz &#8211; Pacl\u00edn &#8211; Santa Rosa &#8211; Valle Viejo &#8211; Zona serrana de Pom\u00e1n<\/p>\n<p>El \u00e1rea se ver\u00e1 afectada por vientos del sector norte con velocidades entre 30 y 45 km\/h, con r\u00e1fagas que pueden superar los 70 km\/h.<\/p>\n<p>Pron\u00f3stico<br \/>\nMi\u00e9rcoles: m\u00ednima de 12 grados y m\u00e1xima de 22 \u2013 Vientos regulares a muy fuertes del norte, de 30 a 49 km\/h con r\u00e1fagas<\/p>\n<p>Jueves: m\u00ednima de 12 grados y m\u00e1xima de 24 \u2013 Vientos moderados a fuertes del norte, de 30 a 49 km\/h<\/p>\n<p>Viernes: m\u00ednima de 12 grados y m\u00e1xima de 22 \u2013 Vientos regulares a fuertes del norte, de 29 a 49 km\/h<\/p>\n","protected":false},"excerpt":{"rendered":"<p>El informe del pron\u00f3stico del tiempo elaborado los profesionales del Observatorio Climatol\u00f3gico de la Universidad Nacional de Catamarca indica que<\/p>\n","protected":false},"author":2,"featured_media":7255,"comment_status":"closed","ping_status":"closed","sticky":false,"template":"","format":"standard","meta":{"footnotes":"","jetpack_publicize_message":"","jetpack_publicize_feature_enabled":true,"jetpack_social_post_already_shared":true,"jetpack_social_options":{"image_generator_settings":{"template":"highway","enabled":false},"version":2}},"categories":[2],"tags":[],"class_list":["post-7254","post","type-post","status-publish","format-standard","has-post-thumbnail","hentry","category-locales"],"jetpack_publicize_connections":[],"_links":{"self":[{"href":"https:\/\/diariorepublica.com.ar\/web\/index.php\/wp-json\/wp\/v2\/posts\/7254"}],"collection":[{"href":"https:\/\/diariorepublica.com.ar\/web\/index.php\/wp-json\/wp\/v2\/posts"}],"about":[{"href":"https:\/\/diariorepublica.com.ar\/web\/index.php\/wp-json\/wp\/v2\/types\/post"}],"author":[{"embeddable":true,"href":"https:\/\/diariorepublica.com.ar\/web\/index.php\/wp-json\/wp\/v2\/users\/2"}],"replies":[{"embeddable":true,"href":"https:\/\/diariorepublica.com.ar\/web\/index.php\/wp-json\/wp\/v2\/comments?post=7254"}],"version-history":[{"count":1,"href":"https:\/\/diariorepublica.com.ar\/web\/index.php\/wp-json\/wp\/v2\/posts\/7254\/revisions"}],"predecessor-version":[{"id":7256,"href":"https:\/\/diariorepublica.com.ar\/web\/index.php\/wp-json\/wp\/v2\/posts\/7254\/revisions\/7256"}],"wp:featuredmedia":[{"embeddable":true,"href":"https:\/\/diariorepublica.com.ar\/web\/index.php\/wp-json\/wp\/v2\/media\/7255"}],"wp:attachment":[{"href":"https:\/\/diariorepublica.com.ar\/web\/index.php\/wp-json\/wp\/v2\/media?parent=7254"}],"wp:term":[{"taxonomy":"category","embeddable":true,"href":"https:\/\/diariorepublica.com.ar\/web\/index.php\/wp-json\/wp\/v2\/categories?post=7254"},{"taxonomy":"post_tag","embeddable":true,"href":"https:\/\/diariorepublica.com.ar\/web\/index.php\/wp-json\/wp\/v2\/tags?post=7254"}],"curies":[{"name":"wp","href":"https:\/\/api.w.org\/{rel}","templated":true}]}}