{"id":7275,"date":"2023-09-06T13:26:00","date_gmt":"2023-09-06T16:26:00","guid":{"rendered":"https:\/\/diariorepublica.com.ar\/web\/?p=7275"},"modified":"2023-09-06T19:27:18","modified_gmt":"2023-09-06T22:27:18","slug":"vicegobernacion-y-senado-continuan-capacitando-en-ley-micaela","status":"publish","type":"post","link":"https:\/\/diariorepublica.com.ar\/web\/index.php\/locales\/2023\/09\/06\/vicegobernacion-y-senado-continuan-capacitando-en-ley-micaela\/","title":{"rendered":"Vicegobernaci\u00f3n y Senado contin\u00faan capacitando en Ley Micaela"},"content":{"rendered":"<p>Empleados y empleadas del Senado finalizaron esta semana una nueva capacitaci\u00f3n sobre Perspectiva de G\u00e9nero, en el marco de la Ley Micaela, a la que nuestra provincia adhiri\u00f3 en octubre de 2019 mediante la Ley N\u00ba 5.602, y que la Vicegobernaci\u00f3n que conduce Rub\u00e9n Dusso, viene aplicando desde el a\u00f1o 2020.<\/p>\n<p>Con dicha capacitaci\u00f3n se busca, en el caso particular del Senado, que las y los miembros de uno de los tres poderes del Estado, como lo es el Legislativo, cuente con un enfoque sobre las problem\u00e1ticas de G\u00e9nero y Diversidades a hora de la elaboraci\u00f3n y tratamiento de nuevas normas para la sociedad.<\/p>\n<p>Los m\u00f3dulos a abordar por las capacitadoras; Lic. Eugenia Mazur, directora de Mujeres G\u00e9nero y Diversidad; y Lic. Dahiana Olmos, directora de Capacitaciones, a lo largo del recorrido formativo ser\u00e1n: Sexo, G\u00e9nero y Derechos Humanos, Masculinidades, Violencia por motivos de G\u00e9nero y Diversidades.<\/p>\n<p>Los contenidos son brindados utilizando la modalidad de la \u201cEducaci\u00f3n popular\u201d, cuyo exponente principal es el educador Paulo Freire, y donde se plantea una horizontalidad entre capacitador y capacitado, construyendo conocimiento de forma conjunta, ofreciendo tanto a los educadores como a los educandos un aprendizaje de su propia realidad mediante la comprensi\u00f3n cr\u00edtica del mundo que los rodea y su transformaci\u00f3n mediante la reflexi\u00f3n y los di\u00e1logos.<\/p>\n<p>La \u201cLey Micaela\u201d estipula la creaci\u00f3n del Programa Nacional Permanente de Capacitaci\u00f3n Institucional en G\u00e9nero y Violencia contra las Mujeres, con el objetivo de capacitar y sensibilizar a todos los funcionarios p\u00fablicos, que integran los diferentes niveles del Estado a los fines de prevenir de la violencia de g\u00e9nero en todas sus formas, como establece la Ley N\u00ba 26.485 de \u201cProtecci\u00f3n integral para prevenir, sancionar y erradicar la violencia contra las mujeres\u201d.<\/p>\n","protected":false},"excerpt":{"rendered":"<p>Empleados y empleadas del Senado finalizaron esta semana una nueva capacitaci\u00f3n sobre Perspectiva de G\u00e9nero, en el marco de la<\/p>\n","protected":false},"author":1,"featured_media":7276,"comment_status":"closed","ping_status":"closed","sticky":false,"template":"","format":"standard","meta":{"footnotes":"","jetpack_publicize_message":"","jetpack_publicize_feature_enabled":true,"jetpack_social_post_already_shared":true,"jetpack_social_options":{"image_generator_settings":{"template":"highway","enabled":false},"version":2}},"categories":[2],"tags":[],"class_list":["post-7275","post","type-post","status-publish","format-standard","has-post-thumbnail","hentry","category-locales"],"jetpack_publicize_connections":[],"_links":{"self":[{"href":"https:\/\/diariorepublica.com.ar\/web\/index.php\/wp-json\/wp\/v2\/posts\/7275"}],"collection":[{"href":"https:\/\/diariorepublica.com.ar\/web\/index.php\/wp-json\/wp\/v2\/posts"}],"about":[{"href":"https:\/\/diariorepublica.com.ar\/web\/index.php\/wp-json\/wp\/v2\/types\/post"}],"author":[{"embeddable":true,"href":"https:\/\/diariorepublica.com.ar\/web\/index.php\/wp-json\/wp\/v2\/users\/1"}],"replies":[{"embeddable":true,"href":"https:\/\/diariorepublica.com.ar\/web\/index.php\/wp-json\/wp\/v2\/comments?post=7275"}],"version-history":[{"count":1,"href":"https:\/\/diariorepublica.com.ar\/web\/index.php\/wp-json\/wp\/v2\/posts\/7275\/revisions"}],"predecessor-version":[{"id":7277,"href":"https:\/\/diariorepublica.com.ar\/web\/index.php\/wp-json\/wp\/v2\/posts\/7275\/revisions\/7277"}],"wp:featuredmedia":[{"embeddable":true,"href":"https:\/\/diariorepublica.com.ar\/web\/index.php\/wp-json\/wp\/v2\/media\/7276"}],"wp:attachment":[{"href":"https:\/\/diariorepublica.com.ar\/web\/index.php\/wp-json\/wp\/v2\/media?parent=7275"}],"wp:term":[{"taxonomy":"category","embeddable":true,"href":"https:\/\/diariorepublica.com.ar\/web\/index.php\/wp-json\/wp\/v2\/categories?post=7275"},{"taxonomy":"post_tag","embeddable":true,"href":"https:\/\/diariorepublica.com.ar\/web\/index.php\/wp-json\/wp\/v2\/tags?post=7275"}],"curies":[{"name":"wp","href":"https:\/\/api.w.org\/{rel}","templated":true}]}}