{"id":7288,"date":"2023-09-06T07:49:00","date_gmt":"2023-09-06T10:49:00","guid":{"rendered":"https:\/\/diariorepublica.com.ar\/web\/?p=7288"},"modified":"2023-09-06T19:53:06","modified_gmt":"2023-09-06T22:53:06","slug":"la-chacarita-ya-cuenta-con-100-de-iluminacion-led","status":"publish","type":"post","link":"https:\/\/diariorepublica.com.ar\/web\/index.php\/sociedad\/2023\/09\/06\/la-chacarita-ya-cuenta-con-100-de-iluminacion-led\/","title":{"rendered":"La Chacarita ya cuenta con 100% de iluminaci\u00f3n led"},"content":{"rendered":"<p>Siguiendo con el plan de reconversi\u00f3n lum\u00ednica a tecnolog\u00eda led en toda la ciudad, el intendente de la Capital, Gustavo Saadi, realiz\u00f3 una recorrida por La Chacarita donde supervis\u00f3 los nuevos sistemas de iluminaci\u00f3n recientemente instalados. Con aproximadamente 115 nuevas luces, se ha logrado reemplazar la totalidad del antiguo alumbrado de mercurio por un sistema m\u00e1s eficiente y sostenible.<\/p>\n<p>Durante su recorrido, el intendente tuvo la oportunidad de dialogar con los vecinos y vecinas del lugar, quienes expresaron su satisfacci\u00f3n ante estos avances. El nuevo sistema de iluminaci\u00f3n no solo contribuye al ahorro de energ\u00eda, sino que tambi\u00e9n mejora notablemente la seguridad al ampliar y optimizar la iluminaci\u00f3n en las calles del barrio.<\/p>\n<p>\u201cHoy estamos terminando los trabajos de colocaci\u00f3n de luminarias led en todo el barrio de La Chacharita, que comprende desde la avenida Acosta Villafa\u00f1e y Avenida San Mart\u00edn, como as\u00ed tambi\u00e9n desde la Avenida Presidente Castillo a la Avenida Ares de Vildoza, cabe destacar que se colocaron m\u00e1s de 115 luminarias en todo el sector\u201d, expres\u00f3 Martin Barrionuevo, secretario de Servicios Ciudadanos.<\/p>\n<p>Por su parte, Norali Soraire, vecina, coment\u00f3 que \u201choy las calles de nuestro barrio est\u00e1n modernizadas con estas luces led, esto nos va a brindar mayor seguridad y bienestar a los vecinos. Estamos m\u00e1s que felices de que se sigan realizando obras en nuestro barrio y que se siga pensando en los vecinos y las vecinas\u201d. \u201cHoy no tan solo nuestras calles cuentan con luces led, sino tambi\u00e9n nuestros seis espacios verdes y la cancha Roberto Carena, donde se desarrollan distintas actividades deportivas y lo mismo en nuestro centro vecinal, por todo eso, nuestro agradecimiento al intendente y a todo su equipo\u201d. Acompa\u00f1aron al jefe comunal, el secretario de Servicios Ciudadanos, Martin Barrionuevo; el concejal Francisco Sosa y dem\u00e1s autoridades municipales.<\/p>\n\n\n<p><\/p>\n","protected":false},"excerpt":{"rendered":"<p>Siguiendo con el plan de reconversi\u00f3n lum\u00ednica a tecnolog\u00eda led en toda la ciudad, el intendente de la Capital, Gustavo<\/p>\n","protected":false},"author":1,"featured_media":7289,"comment_status":"closed","ping_status":"closed","sticky":false,"template":"","format":"standard","meta":{"footnotes":"","jetpack_publicize_message":"","jetpack_publicize_feature_enabled":true,"jetpack_social_post_already_shared":true,"jetpack_social_options":{"image_generator_settings":{"template":"highway","enabled":false},"version":2}},"categories":[3],"tags":[],"class_list":["post-7288","post","type-post","status-publish","format-standard","has-post-thumbnail","hentry","category-sociedad"],"jetpack_publicize_connections":[],"_links":{"self":[{"href":"https:\/\/diariorepublica.com.ar\/web\/index.php\/wp-json\/wp\/v2\/posts\/7288"}],"collection":[{"href":"https:\/\/diariorepublica.com.ar\/web\/index.php\/wp-json\/wp\/v2\/posts"}],"about":[{"href":"https:\/\/diariorepublica.com.ar\/web\/index.php\/wp-json\/wp\/v2\/types\/post"}],"author":[{"embeddable":true,"href":"https:\/\/diariorepublica.com.ar\/web\/index.php\/wp-json\/wp\/v2\/users\/1"}],"replies":[{"embeddable":true,"href":"https:\/\/diariorepublica.com.ar\/web\/index.php\/wp-json\/wp\/v2\/comments?post=7288"}],"version-history":[{"count":1,"href":"https:\/\/diariorepublica.com.ar\/web\/index.php\/wp-json\/wp\/v2\/posts\/7288\/revisions"}],"predecessor-version":[{"id":7290,"href":"https:\/\/diariorepublica.com.ar\/web\/index.php\/wp-json\/wp\/v2\/posts\/7288\/revisions\/7290"}],"wp:featuredmedia":[{"embeddable":true,"href":"https:\/\/diariorepublica.com.ar\/web\/index.php\/wp-json\/wp\/v2\/media\/7289"}],"wp:attachment":[{"href":"https:\/\/diariorepublica.com.ar\/web\/index.php\/wp-json\/wp\/v2\/media?parent=7288"}],"wp:term":[{"taxonomy":"category","embeddable":true,"href":"https:\/\/diariorepublica.com.ar\/web\/index.php\/wp-json\/wp\/v2\/categories?post=7288"},{"taxonomy":"post_tag","embeddable":true,"href":"https:\/\/diariorepublica.com.ar\/web\/index.php\/wp-json\/wp\/v2\/tags?post=7288"}],"curies":[{"name":"wp","href":"https:\/\/api.w.org\/{rel}","templated":true}]}}