{"id":735,"date":"2023-03-30T09:32:21","date_gmt":"2023-03-30T12:32:21","guid":{"rendered":"https:\/\/diariorepublica.com.ar\/web\/?p=735"},"modified":"2023-03-30T09:32:22","modified_gmt":"2023-03-30T12:32:22","slug":"toda-la-sociedad-esta-reclamando-que-se-esclarezca-el-asesinato-del-ministro","status":"publish","type":"post","link":"https:\/\/diariorepublica.com.ar\/web\/index.php\/politica\/2023\/03\/30\/toda-la-sociedad-esta-reclamando-que-se-esclarezca-el-asesinato-del-ministro\/","title":{"rendered":"\u201cToda la sociedad est\u00e1 reclamando que se esclarezca el asesinato del ministro\u201d"},"content":{"rendered":"<p>El diputado Alfredo Marchioli (UCR) cuestion\u00f3 el dictamen del fiscal Miguel Mauvec\u00edn, quien consider\u00f3 improcedente iniciar el jury de enjuiciamiento contra el fiscal Laureano Palacios.<\/p>\n<p>\u00abNos preocupa much\u00edsimo la omisi\u00f3n que pretende el fiscal Mauvec\u00edn, al decidir no atravesar el proceso de jury\u00bb<\/p>\n<p>\u00abLa realidad es que pasaron m\u00e1s de cuatro meses y no hay absolutamente ninguna claridad del proceso de investigaci\u00f3n. Estuvo a cargo el fiscal Palacios y hay un conjunto de irregularidades que ameritan una investigaci\u00f3n para determinar cu\u00e1les son las responsabilidades. Hay intereses superiores colectivos que tienen que ver con tratar de recuperar algo del prestigio que ha perdido el Poder Judicial\u00bb, expres\u00f3.<\/p>\n<p>\u00abLa sociedad en su conjunto demanda que haya un esclarecimiento del asesinato de Juan Carlos Rojas. Es inconcebible ver c\u00f3mo la familia est\u00e1 pidiendo justicia en absoluta soledad.<\/p>\n","protected":false},"excerpt":{"rendered":"<p>El diputado Alfredo Marchioli (UCR) cuestion\u00f3 el dictamen del fiscal Miguel Mauvec\u00edn, quien consider\u00f3 improcedente iniciar el jury de enjuiciamiento<\/p>\n","protected":false},"author":2,"featured_media":736,"comment_status":"closed","ping_status":"closed","sticky":false,"template":"","format":"standard","meta":{"footnotes":"","jetpack_publicize_message":"","jetpack_publicize_feature_enabled":true,"jetpack_social_post_already_shared":false,"jetpack_social_options":{"image_generator_settings":{"template":"highway","enabled":false},"version":2}},"categories":[12],"tags":[],"class_list":["post-735","post","type-post","status-publish","format-standard","has-post-thumbnail","hentry","category-politica"],"jetpack_publicize_connections":[],"_links":{"self":[{"href":"https:\/\/diariorepublica.com.ar\/web\/index.php\/wp-json\/wp\/v2\/posts\/735"}],"collection":[{"href":"https:\/\/diariorepublica.com.ar\/web\/index.php\/wp-json\/wp\/v2\/posts"}],"about":[{"href":"https:\/\/diariorepublica.com.ar\/web\/index.php\/wp-json\/wp\/v2\/types\/post"}],"author":[{"embeddable":true,"href":"https:\/\/diariorepublica.com.ar\/web\/index.php\/wp-json\/wp\/v2\/users\/2"}],"replies":[{"embeddable":true,"href":"https:\/\/diariorepublica.com.ar\/web\/index.php\/wp-json\/wp\/v2\/comments?post=735"}],"version-history":[{"count":1,"href":"https:\/\/diariorepublica.com.ar\/web\/index.php\/wp-json\/wp\/v2\/posts\/735\/revisions"}],"predecessor-version":[{"id":737,"href":"https:\/\/diariorepublica.com.ar\/web\/index.php\/wp-json\/wp\/v2\/posts\/735\/revisions\/737"}],"wp:featuredmedia":[{"embeddable":true,"href":"https:\/\/diariorepublica.com.ar\/web\/index.php\/wp-json\/wp\/v2\/media\/736"}],"wp:attachment":[{"href":"https:\/\/diariorepublica.com.ar\/web\/index.php\/wp-json\/wp\/v2\/media?parent=735"}],"wp:term":[{"taxonomy":"category","embeddable":true,"href":"https:\/\/diariorepublica.com.ar\/web\/index.php\/wp-json\/wp\/v2\/categories?post=735"},{"taxonomy":"post_tag","embeddable":true,"href":"https:\/\/diariorepublica.com.ar\/web\/index.php\/wp-json\/wp\/v2\/tags?post=735"}],"curies":[{"name":"wp","href":"https:\/\/api.w.org\/{rel}","templated":true}]}}