{"id":7359,"date":"2023-09-09T18:19:24","date_gmt":"2023-09-09T21:19:24","guid":{"rendered":"https:\/\/diariorepublica.com.ar\/web\/?p=7359"},"modified":"2023-09-09T18:19:28","modified_gmt":"2023-09-09T21:19:28","slug":"milei-confirmo-que-estara-en-los-debates-presidenciales","status":"publish","type":"post","link":"https:\/\/diariorepublica.com.ar\/web\/index.php\/politica\/2023\/09\/09\/milei-confirmo-que-estara-en-los-debates-presidenciales\/","title":{"rendered":"\u00a0Milei confirm\u00f3 que estar\u00e1 en los debates presidenciales"},"content":{"rendered":"<article class=\"article-body article-body--first-paragraph content-protected-false\" data-td-script-src=\"https:\/\/www.ambito.com\/td\/modulos\/encuestas\/js\/function-embeds-min-version-1660312092.js\">El candidato presidencial de<strong>\u00a0La Libertad Avanza<\/strong>,<strong>\u00a0Javier Milei<\/strong>, confirm\u00f3 su presencia en los<strong>\u00a0dos\u00a0debates presidenciales\u00a0obligatorios<\/strong>\u00a0que se realizar\u00e1n en la previa de las\u00a0<strong>elecciones<\/strong><strong>\u00a0generales del 22 de\u00a0<\/strong>octubre en las\u00a0<strong>universidades<\/strong>\u00a0de\u00a0<strong>Santiago del Estero<\/strong>\u00a0y\u00a0<strong>Buenos Aires<\/strong>\u00a0respectivamente.<\/p>\n<\/article>\n<article class=\"article-body article-body--second-paragraph content-protected-false\">Ante especulaciones sobre una posible ausencia de Milei a los dos debates obligatorios, despu\u00e9s del resultado de las PASO,\u00a0<strong>el entorno del libertario neg\u00f3 cualquier versi\u00f3n y le confirm\u00f3 a\u00a0<em>\u00c1mbito\u00a0<\/em>la presencia a los dos eventos presidenciales<\/strong>: \u00abEs totalmente falso.\u00a0<strong>Javier va a ir a los dos debates presidenciales<\/strong>,\u00a0<strong>Victoria Villarruel<\/strong>\u00a0concurrir\u00e1 al debate de vicepresidentes en TN y\u00a0<strong>Ramiro Marra<\/strong>\u00a0participar\u00e1 del debate por la jefatura de Gobierno de la Ciudad. Todos van a ir\u00bb.<\/p>\n<p>En medio de su viaje a Estados Unidos, el economista libertario y su equipo, encabezado por su hermana\u00a0<strong>Karina Milei,<\/strong>\u00a0<strong>dieron el visto bueno para la participaci\u00f3n en el debate presidencial\u00a0<\/strong>que lo enfrentar\u00e1 a los otros cuatro candidatos presidenciales: Sergio Massa, Patricia Bullrich, Myriam Bregman y Juan Schiaretti.<\/p>\n<article class=\"article-body article-body--fourth-paragraph content-protected-false\">En ese sentido, tanto Milei como los dem\u00e1s candidatos deber\u00e1n afrontar un formato de debate que podr\u00eda contar con algunos cambios respecto a las experiencias de 2015 y 2019, seg\u00fan inform\u00f3 la<strong>\u00a0C\u00e1mara Nacional Electoral (CNE)<\/strong>, el ente organizador a cargo del evento.<\/p>\n<\/article>\n<article class=\"article-body article-body--remaining-paragraph content-protected-false\">Seg\u00fan la Ley que desde 2016 reglamenta el debate presidencial obligatorio en Argentina,<strong>\u00a0cualquiera que se ausente al evento sufrir\u00e1 la quita del espacio audiovisual para la campa\u00f1a<\/strong>\u00a0y, adem\u00e1s, se mostrar\u00e1 su atril vac\u00edo para exponer a dicho candidato.<\/p>\n<p>FUENTE: ambito.com<\/p>\n<\/article>\n<\/article>\n","protected":false},"excerpt":{"rendered":"<p>El candidato presidencial de\u00a0La Libertad Avanza,\u00a0Javier Milei, confirm\u00f3 su presencia en los\u00a0dos\u00a0debates presidenciales\u00a0obligatorios\u00a0que se realizar\u00e1n en la previa de las\u00a0elecciones\u00a0generales<\/p>\n","protected":false},"author":1,"featured_media":7360,"comment_status":"closed","ping_status":"closed","sticky":false,"template":"","format":"standard","meta":{"footnotes":"","jetpack_publicize_message":"","jetpack_publicize_feature_enabled":true,"jetpack_social_post_already_shared":true,"jetpack_social_options":{"image_generator_settings":{"template":"highway","enabled":false},"version":2}},"categories":[12],"tags":[],"class_list":["post-7359","post","type-post","status-publish","format-standard","has-post-thumbnail","hentry","category-politica"],"jetpack_publicize_connections":[],"_links":{"self":[{"href":"https:\/\/diariorepublica.com.ar\/web\/index.php\/wp-json\/wp\/v2\/posts\/7359"}],"collection":[{"href":"https:\/\/diariorepublica.com.ar\/web\/index.php\/wp-json\/wp\/v2\/posts"}],"about":[{"href":"https:\/\/diariorepublica.com.ar\/web\/index.php\/wp-json\/wp\/v2\/types\/post"}],"author":[{"embeddable":true,"href":"https:\/\/diariorepublica.com.ar\/web\/index.php\/wp-json\/wp\/v2\/users\/1"}],"replies":[{"embeddable":true,"href":"https:\/\/diariorepublica.com.ar\/web\/index.php\/wp-json\/wp\/v2\/comments?post=7359"}],"version-history":[{"count":1,"href":"https:\/\/diariorepublica.com.ar\/web\/index.php\/wp-json\/wp\/v2\/posts\/7359\/revisions"}],"predecessor-version":[{"id":7361,"href":"https:\/\/diariorepublica.com.ar\/web\/index.php\/wp-json\/wp\/v2\/posts\/7359\/revisions\/7361"}],"wp:featuredmedia":[{"embeddable":true,"href":"https:\/\/diariorepublica.com.ar\/web\/index.php\/wp-json\/wp\/v2\/media\/7360"}],"wp:attachment":[{"href":"https:\/\/diariorepublica.com.ar\/web\/index.php\/wp-json\/wp\/v2\/media?parent=7359"}],"wp:term":[{"taxonomy":"category","embeddable":true,"href":"https:\/\/diariorepublica.com.ar\/web\/index.php\/wp-json\/wp\/v2\/categories?post=7359"},{"taxonomy":"post_tag","embeddable":true,"href":"https:\/\/diariorepublica.com.ar\/web\/index.php\/wp-json\/wp\/v2\/tags?post=7359"}],"curies":[{"name":"wp","href":"https:\/\/api.w.org\/{rel}","templated":true}]}}