{"id":738,"date":"2023-03-30T09:35:31","date_gmt":"2023-03-30T12:35:31","guid":{"rendered":"https:\/\/diariorepublica.com.ar\/web\/?p=738"},"modified":"2023-03-30T09:35:32","modified_gmt":"2023-03-30T12:35:32","slug":"es-evidente-que-estamos-frente-a-un-caso-grave-de-encubrimiento","status":"publish","type":"post","link":"https:\/\/diariorepublica.com.ar\/web\/index.php\/politica\/2023\/03\/30\/es-evidente-que-estamos-frente-a-un-caso-grave-de-encubrimiento\/","title":{"rendered":"\u201cEs evidente que estamos frente a un caso grave de encubrimiento\u201d"},"content":{"rendered":"<p>En dialogo con FM REPUBLICA 103.1, el diputado nacional por Catamarca de la Coalici\u00f3n Civica \u2013 ARI,\u00a0 Rub\u00e9n Manzi habl\u00f3 sobre el proceso de la investigaci\u00f3n por el asesinato del ex ministro de Desarrollo Social, Juan Carlos Rojas y dijo que la causa est\u00e1 viciada que supuestamente existe encubrimiento, mala praxis judicial.<\/p>\n<p>\u201cMe cuesta encontrar un adjetivo correcto para esta situaci\u00f3n. Me parece una barbaridad lo que acaba de hacer el fiscal, tildar de correcto algo que evidentemente lo m\u00ednimo que uno le puede decir es una mala praxis judicial. Es una barbaridad decir que el fiscal Palacios actu\u00f3 correctamente cuando habiendo una primera autopsia donde ya se hab\u00edan detectado signo de traumatismo de cr\u00e1neo, decide entregar el cuerpo a la familia para que lo vele y lo entierre\u201d, expres\u00f3 Manzi en declaraciones radiales.<\/p>\n<p>El legislador reclam\u00f3 a la Justicia \u201cinvestigar al Ministerio P\u00fablico Fiscal, hay que investigar a los fiscales de Catamarca porque ac\u00e1 no solamente hay mala praxis, sino que hay encubrimiento. Que el fiscal Mauvecin est\u00e9 exculpando (a Palacios), est\u00e1 impidiendo que se investigue la investigaci\u00f3n que realiz\u00f3 totalmente distorsionada, ama\u00f1ada y borrando pruebas el fiscal Palacios\u201d.<\/p>\n<p>Por \u00faltimo, el diputado nacional pidi\u00f3 a la ciudadan\u00eda involucrarse y apoyar el pedido de Justicia de los familiares de Rojas a fin de que se conozca lo que realmente sucedi\u00f3 con el ex ministro.<\/p>\n","protected":false},"excerpt":{"rendered":"<p>En dialogo con FM REPUBLICA 103.1, el diputado nacional por Catamarca de la Coalici\u00f3n Civica \u2013 ARI,\u00a0 Rub\u00e9n Manzi habl\u00f3<\/p>\n","protected":false},"author":2,"featured_media":739,"comment_status":"closed","ping_status":"closed","sticky":false,"template":"","format":"standard","meta":{"footnotes":"","jetpack_publicize_message":"","jetpack_publicize_feature_enabled":true,"jetpack_social_post_already_shared":false,"jetpack_social_options":{"image_generator_settings":{"template":"highway","enabled":false},"version":2}},"categories":[12],"tags":[],"class_list":["post-738","post","type-post","status-publish","format-standard","has-post-thumbnail","hentry","category-politica"],"jetpack_publicize_connections":[],"_links":{"self":[{"href":"https:\/\/diariorepublica.com.ar\/web\/index.php\/wp-json\/wp\/v2\/posts\/738"}],"collection":[{"href":"https:\/\/diariorepublica.com.ar\/web\/index.php\/wp-json\/wp\/v2\/posts"}],"about":[{"href":"https:\/\/diariorepublica.com.ar\/web\/index.php\/wp-json\/wp\/v2\/types\/post"}],"author":[{"embeddable":true,"href":"https:\/\/diariorepublica.com.ar\/web\/index.php\/wp-json\/wp\/v2\/users\/2"}],"replies":[{"embeddable":true,"href":"https:\/\/diariorepublica.com.ar\/web\/index.php\/wp-json\/wp\/v2\/comments?post=738"}],"version-history":[{"count":1,"href":"https:\/\/diariorepublica.com.ar\/web\/index.php\/wp-json\/wp\/v2\/posts\/738\/revisions"}],"predecessor-version":[{"id":740,"href":"https:\/\/diariorepublica.com.ar\/web\/index.php\/wp-json\/wp\/v2\/posts\/738\/revisions\/740"}],"wp:featuredmedia":[{"embeddable":true,"href":"https:\/\/diariorepublica.com.ar\/web\/index.php\/wp-json\/wp\/v2\/media\/739"}],"wp:attachment":[{"href":"https:\/\/diariorepublica.com.ar\/web\/index.php\/wp-json\/wp\/v2\/media?parent=738"}],"wp:term":[{"taxonomy":"category","embeddable":true,"href":"https:\/\/diariorepublica.com.ar\/web\/index.php\/wp-json\/wp\/v2\/categories?post=738"},{"taxonomy":"post_tag","embeddable":true,"href":"https:\/\/diariorepublica.com.ar\/web\/index.php\/wp-json\/wp\/v2\/tags?post=738"}],"curies":[{"name":"wp","href":"https:\/\/api.w.org\/{rel}","templated":true}]}}