{"id":7410,"date":"2023-09-12T06:52:24","date_gmt":"2023-09-12T09:52:24","guid":{"rendered":"https:\/\/diariorepublica.com.ar\/web\/?p=7410"},"modified":"2023-09-12T06:52:27","modified_gmt":"2023-09-12T09:52:27","slug":"investigan-la-muerte-de-un-sereno-en-una-obra-en-capital","status":"publish","type":"post","link":"https:\/\/diariorepublica.com.ar\/web\/index.php\/policiales\/2023\/09\/12\/investigan-la-muerte-de-un-sereno-en-una-obra-en-capital\/","title":{"rendered":"Investigan la muerte de un sereno en una obra en Capital"},"content":{"rendered":"<p>En una obra ubicada a una cuadra de la rotonda de la avenida Misiones, detr\u00e1s de los centros comerciales donde se encuentra el SEPAVE, se despleg\u00f3 un operativo de la Divisi\u00f3n Homicidios y Criminal\u00edstica.\u00a0 La fiscal Gabriela De Marcos encabeza la investigaci\u00f3n sobre la muerte de un hombre en el lugar ubicado en el sur de Capital. El tr\u00e1nsito en las calles cercanas se vio interrumpido para empezar los trabajos atenientes a esclarecer los detalles del hecho.Seg\u00fan las primeras informaciones, el hombre fallecido en una obra en construcci\u00f3n tendr\u00eda entre 30 y 35 a\u00f1os. El tr\u00e1gico hallazgo ocurri\u00f3 minutos antes de las 19 horas de este lunes.El sereno fue encontrado sin vida, lo que gener\u00f3 un fuerte despliegue policial y de investigadores para determinar las causas de su muerte. La Fiscal\u00eda trabaja para recopilar pruebas y testimonios en busca de determinar las circunstancias del deceso.<\/p>\n","protected":false},"excerpt":{"rendered":"<p>En una obra ubicada a una cuadra de la rotonda de la avenida Misiones, detr\u00e1s de los centros comerciales donde<\/p>\n","protected":false},"author":2,"featured_media":7411,"comment_status":"closed","ping_status":"closed","sticky":false,"template":"","format":"standard","meta":{"footnotes":"","jetpack_publicize_message":"","jetpack_publicize_feature_enabled":true,"jetpack_social_post_already_shared":true,"jetpack_social_options":{"image_generator_settings":{"template":"highway","enabled":false},"version":2}},"categories":[8],"tags":[],"class_list":["post-7410","post","type-post","status-publish","format-standard","has-post-thumbnail","hentry","category-policiales"],"jetpack_publicize_connections":[],"_links":{"self":[{"href":"https:\/\/diariorepublica.com.ar\/web\/index.php\/wp-json\/wp\/v2\/posts\/7410"}],"collection":[{"href":"https:\/\/diariorepublica.com.ar\/web\/index.php\/wp-json\/wp\/v2\/posts"}],"about":[{"href":"https:\/\/diariorepublica.com.ar\/web\/index.php\/wp-json\/wp\/v2\/types\/post"}],"author":[{"embeddable":true,"href":"https:\/\/diariorepublica.com.ar\/web\/index.php\/wp-json\/wp\/v2\/users\/2"}],"replies":[{"embeddable":true,"href":"https:\/\/diariorepublica.com.ar\/web\/index.php\/wp-json\/wp\/v2\/comments?post=7410"}],"version-history":[{"count":1,"href":"https:\/\/diariorepublica.com.ar\/web\/index.php\/wp-json\/wp\/v2\/posts\/7410\/revisions"}],"predecessor-version":[{"id":7412,"href":"https:\/\/diariorepublica.com.ar\/web\/index.php\/wp-json\/wp\/v2\/posts\/7410\/revisions\/7412"}],"wp:featuredmedia":[{"embeddable":true,"href":"https:\/\/diariorepublica.com.ar\/web\/index.php\/wp-json\/wp\/v2\/media\/7411"}],"wp:attachment":[{"href":"https:\/\/diariorepublica.com.ar\/web\/index.php\/wp-json\/wp\/v2\/media?parent=7410"}],"wp:term":[{"taxonomy":"category","embeddable":true,"href":"https:\/\/diariorepublica.com.ar\/web\/index.php\/wp-json\/wp\/v2\/categories?post=7410"},{"taxonomy":"post_tag","embeddable":true,"href":"https:\/\/diariorepublica.com.ar\/web\/index.php\/wp-json\/wp\/v2\/tags?post=7410"}],"curies":[{"name":"wp","href":"https:\/\/api.w.org\/{rel}","templated":true}]}}