{"id":744,"date":"2023-03-30T10:04:07","date_gmt":"2023-03-30T13:04:07","guid":{"rendered":"https:\/\/diariorepublica.com.ar\/web\/?p=744"},"modified":"2023-03-30T10:04:09","modified_gmt":"2023-03-30T13:04:09","slug":"intendente-capitalino-se-reunio-con-referentes-de-oficinas-municipales-de-empleo","status":"publish","type":"post","link":"https:\/\/diariorepublica.com.ar\/web\/index.php\/politica\/2023\/03\/30\/intendente-capitalino-se-reunio-con-referentes-de-oficinas-municipales-de-empleo\/","title":{"rendered":"Intendente capitalino se reuni\u00f3 con referentes de oficinas municipales de empleo"},"content":{"rendered":"<p>Ayer se llev\u00f3 a cabo una jornada sobre el trabajo de las Oficinas de Empleo municipales, organizada por la Agencia Territorial Catamarca, mediante la Direcci\u00f3n de Enlace con Programas de Pol\u00edticas Socio Laborales, con la colaboraci\u00f3n de Oficina de Empleo Municipalidad de San Fernando del Valle de Catamarca que ofici\u00f3 de anfitri\u00f3n.<\/p>\n<p>Del encuentro, participaron adem\u00e1s de los referentes comunales, el intendente de la Municipalidad de la Capital, Gustavo Saadi.\u00a0 Durante el encuentro, se expusieron los resultados estad\u00edsticos de los programas de empleo vigentes y que son gestionados por todas las oficinas de empleo de la provincia. Asimismo, se realiz\u00f3 un intercambio de experiencias de gesti\u00f3n, explicit\u00e1ndose las diferentes pr\u00e1cticas a tener en cuenta en la implementaci\u00f3n de los mencionados programas. Concluyeron en lo positivo del intercambio para avanzar en una red que permita mejorar tanto la organizaci\u00f3n interna como los requerimientos de la sociedad, en materia laboral.<\/p>\n","protected":false},"excerpt":{"rendered":"<p>Ayer se llev\u00f3 a cabo una jornada sobre el trabajo de las Oficinas de Empleo municipales, organizada por la Agencia<\/p>\n","protected":false},"author":2,"featured_media":745,"comment_status":"closed","ping_status":"closed","sticky":false,"template":"","format":"standard","meta":{"footnotes":"","jetpack_publicize_message":"","jetpack_publicize_feature_enabled":true,"jetpack_social_post_already_shared":false,"jetpack_social_options":{"image_generator_settings":{"template":"highway","enabled":false},"version":2}},"categories":[12],"tags":[],"class_list":["post-744","post","type-post","status-publish","format-standard","has-post-thumbnail","hentry","category-politica"],"jetpack_publicize_connections":[],"_links":{"self":[{"href":"https:\/\/diariorepublica.com.ar\/web\/index.php\/wp-json\/wp\/v2\/posts\/744"}],"collection":[{"href":"https:\/\/diariorepublica.com.ar\/web\/index.php\/wp-json\/wp\/v2\/posts"}],"about":[{"href":"https:\/\/diariorepublica.com.ar\/web\/index.php\/wp-json\/wp\/v2\/types\/post"}],"author":[{"embeddable":true,"href":"https:\/\/diariorepublica.com.ar\/web\/index.php\/wp-json\/wp\/v2\/users\/2"}],"replies":[{"embeddable":true,"href":"https:\/\/diariorepublica.com.ar\/web\/index.php\/wp-json\/wp\/v2\/comments?post=744"}],"version-history":[{"count":1,"href":"https:\/\/diariorepublica.com.ar\/web\/index.php\/wp-json\/wp\/v2\/posts\/744\/revisions"}],"predecessor-version":[{"id":746,"href":"https:\/\/diariorepublica.com.ar\/web\/index.php\/wp-json\/wp\/v2\/posts\/744\/revisions\/746"}],"wp:featuredmedia":[{"embeddable":true,"href":"https:\/\/diariorepublica.com.ar\/web\/index.php\/wp-json\/wp\/v2\/media\/745"}],"wp:attachment":[{"href":"https:\/\/diariorepublica.com.ar\/web\/index.php\/wp-json\/wp\/v2\/media?parent=744"}],"wp:term":[{"taxonomy":"category","embeddable":true,"href":"https:\/\/diariorepublica.com.ar\/web\/index.php\/wp-json\/wp\/v2\/categories?post=744"},{"taxonomy":"post_tag","embeddable":true,"href":"https:\/\/diariorepublica.com.ar\/web\/index.php\/wp-json\/wp\/v2\/tags?post=744"}],"curies":[{"name":"wp","href":"https:\/\/api.w.org\/{rel}","templated":true}]}}