{"id":7476,"date":"2023-09-14T10:33:00","date_gmt":"2023-09-14T13:33:00","guid":{"rendered":"https:\/\/diariorepublica.com.ar\/web\/?p=7476"},"modified":"2023-09-14T07:35:01","modified_gmt":"2023-09-14T10:35:01","slug":"fiesta-nacional-del-teatro-jueves-con-obras-de-chubut-misiones-san-juan-y-buenos-aires","status":"publish","type":"post","link":"https:\/\/diariorepublica.com.ar\/web\/index.php\/sociedad\/2023\/09\/14\/fiesta-nacional-del-teatro-jueves-con-obras-de-chubut-misiones-san-juan-y-buenos-aires\/","title":{"rendered":"Fiesta Nacional del Teatro: Jueves con obras de Chubut, Misiones, San Juan y Buenos Aires"},"content":{"rendered":"<p>La 37\u00aa Fiesta Nacional del Teatro ya comenz\u00f3 a vivirse en Catamarca y La Rioja, las dos sedes de este evento federal que convoca a 32 elencos de todo el pa\u00eds a lo largo de ocho d\u00edas, con funciones y actividades especiales.<\/p>\n<p>La cartelera del jueves 14 de septiembre tendr\u00e1 como protagonistas a los elencos representantes de las provincias de Chubut y Misiones, que presentar\u00e1n doble funci\u00f3n de sus obras; y tambi\u00e9n habr\u00e1 funciones de las obras representantes de San Juan y Ciudad de Buenos Aires.<\/p>\n<p>Las entradas a todas las obras tienen un valor de $200 y se pueden adquirir de manera presencial en la Casa de Cultura (San Mart\u00edn 533), de 11 a 13.30 horas. Los remanentes se ponen a la venta en las respectivas salas, 40 minutos antes de la funci\u00f3n.<\/p>\n<p>Adem\u00e1s, la programaci\u00f3n de la fiesta contempla actividades especiales, destinadas a la comunidad teatral pero tambi\u00e9n abiertas al p\u00fablico interesado.\u00a0 Todas las actividades especiales son gratuitas, con capacidad limitada dependiendo el aforo de cada espacio.<\/p>\n<p>Este jueves 14 de septiembre desde las 14 hs en el Sal\u00f3n de Interpretaci\u00f3n en el Predio Ferial, la actriz, directora y docente, con reconocida trayectoria, Cristina Banegas dar\u00e1 el taller de actuaci\u00f3n \u201cLa improvisaci\u00f3n y el texto\u201d. El taller tendr\u00e1 continuidad el viernes 15, en el mismo horario.<\/p>\n<p>En este caso, estar\u00e1 destinado a quienes registraron oportunamente su inscripci\u00f3n.<\/p>\n<p>El mismo jueves, de 17 a 19hs\u00a0 en el espacio cultural El Cebil (Esqui\u00fa 781), los representantes del Quehacer Teatral Nacional (QTN) coordinar\u00e1n la actividad denominada \u201cDramaturgia. Territorio y perspectiva\u201d, para pensar la dramaturgia en relaci\u00f3n con territorios y sus modos de ser.<br \/>\nObras programadas jueves 14 de septiembre<\/p>\n<p>La perrera<\/p>\n<p>Horarios y lugar: 15 y 17 hs. Teatro Urbano Girardi, Av. Ocampo 50<\/p>\n<p>Nombre del grupo: Rosa Mosqueta Teatro &#8211; Chubut.<\/p>\n<p>P\u00fablico: Toda la familia.<\/p>\n<p>G\u00e9nero: Tragicomedia.<\/p>\n<p>Duraci\u00f3n: 45 minutos.<\/p>\n<p>Baru y Pelusa, Dos juglares que viajan de pueblo en pueblo recolectando fabulas para contar nos invitan a ver \u201cLa Perrera\u201d, la historia de un poeta que se convirti\u00f3 en perro. Entre canciones y personajes grotescos, nos sumergiremos en un mundo de jaulas rutinarias, disparates y papelitos de colores. Una obra apta para todo p\u00fablico que nos invita a perseguir nuestros sue\u00f1os.<\/p>\n<p>Actores: Abril Beato \u2013 Bruno Vega.<\/p>\n<p>Direcci\u00f3n: Guido Arena Asistente direcci\u00f3n: Camille Thomas.<\/p>\n<p>Dise\u00f1o de Luces\/T\u00e9cnico de Luces: Pablo Beato.<\/p>\n<p>Dise\u00f1o de Vestuario: Laura Toledo.<\/p>\n<p>Realizaci\u00f3n de vestuario: Laura Toledo \u2013 Irene Aldazabal \u2013 Fanny Bronzi.<\/p>\n<p>Dise\u00f1o Gr\u00e1fico: Irene Aldazabal.<\/p>\n<p>Adaptaci\u00f3n dramat\u00fargica y producci\u00f3n general: Abril Beato.Bruno Vega.<\/p>\n<p>Clowndestinos<\/p>\n<p>Horarios y lugar: 17 y 19hs. Teatro del Sur.<\/p>\n<p>Espect\u00e1culo Concertado &#8211; Misiones.<\/p>\n<p>G\u00e9nero: Comedia.<\/p>\n<p>P\u00fablico: Personas adultas.<\/p>\n<p>Duraci\u00f3n: 55 minutos.<\/p>\n<p>La obra Clowndestinos es un espect\u00e1culo concertado en donde 3 compa\u00f1\u00edas se unen para darle vida a una trilog\u00eda. La obra \u00abClowndestinos A.C\u00bb es la primera de estas 3, se realiza en c\u00f3digo clown y se utilizan recursos del Circo &#8211; Teatro &#8211; Comicidad &#8211; Teatro de sombras y T\u00edteres. El g\u00e9nero propuesto es comedia en c\u00f3digo clown. Est\u00e9ticamente narra la historia de dos trabajadores (obreros) que deciden llenar de colores sus vidas y encuentran alternativas para salir en busca de nuevas experiencias y de la felicidad. En esa b\u00fasqueda predomina el mensaje del cuidado del planeta, el reciclaje y la posibilidad de la reutilizaci\u00f3n de la \u00abbasura\u00bb. Al momento de la realizaci\u00f3n de venta de entradas, siguiendo el juego que sus integrantes realizan en escena deciden no compartir la ubicaci\u00f3n donde ser\u00e1 la funci\u00f3n ya que la misma ser\u00e1 descubierta al realizar las reservas de entradas.<\/p>\n<p>Destinatarios: La obra es para mayores de 12 a\u00f1os. No contiene lenguaje obsceno ni desnudos. Es recomendado para j\u00f3venes y adultos por el contenido social que los puede llegar a interpelar de manera directa.<\/p>\n<p>Direcci\u00f3n: Gast\u00f3n Caballero Actores: Victor Vildoza &#8211; Diego Raga.<\/p>\n<p>La due\u00f1a del Santo<\/p>\n<p>Horario y lugar: 18 hs. La Osera.<\/p>\n<p>La Comunidad KTK al Cubo &#8211; San Juan.<\/p>\n<p>G\u00e9nero: Comedia Dram\u00e1tica.<\/p>\n<p>P\u00fablico: Personas adultas.<\/p>\n<p>Duraci\u00f3n: 60 minutos.<\/p>\n<p>Magda, la ni\u00f1a santa del pueblo, est\u00e1 de cumplea\u00f1os. El territorio seco que ella habita es el refugio de la familia Brosty, y del deseo que late en sus cuerpos. La ni\u00f1a m\u00e1gica, el circo que han montado a su alrededor y la sed de agua, ser\u00e1 la excusa que los llevar\u00e1 a &#8216;sintonizar con la corriente de los deseos&#8217;.<\/p>\n<p>Direcci\u00f3n general: Milenka Rupcic y Paula Mart\u00edn.<\/p>\n<p>Asistencia de direcci\u00f3n: Malena Moreno.<\/p>\n<p>Dramaturgia: Milenka Rupcic.<\/p>\n<p>Producci\u00f3n de la adaptaci\u00f3n: Paula Mart\u00edn &#8211; Jimy Mercado.<\/p>\n<p>Vestuario: Paula Mart\u00edn.<\/p>\n<p>En Escena: Candela Santana Mariana Silva Pacha Cortez Nancy Amato Lean Garc\u00eda Paula Garc\u00eda Paulina Maldonado Fabricio Saquilan Lito Cantoni Rodra Salas Mariano Carri\u00f3n Gabriela Prior Gabriela Masiero.<\/p>\n<p>La vida sin ficci\u00f3n<\/p>\n<p>Horario y lugar: 22hs. Teatro Catamarca.<\/p>\n<p>Ciudad de Buenos Aires.<\/p>\n<p>G\u00e9nero: Drama.<\/p>\n<p>P\u00fablico: Personas adultas.<\/p>\n<p>Duraci\u00f3n: 90 minutos.<\/p>\n<p>Novela sin final porque su autor muere repentinamente. Lucas, su hijo, encuentra el borrador y consigue publicarlo. El libro se vuelve un r\u00e9cord de ventas. Esta obra de nueve personajes para tres actores presenta historias entrecruzadas: un grupo de amigos trata de filmar un documental sobre sus impresiones del libro, una actriz que est\u00e1 filmando una pel\u00edcula basada en la novela se reencuentra con su hermano y Lucas intenta terminar su nueva obra de teatro en una caba\u00f1a frente al mar. Fantasmas, imitaciones de Sandro, juegos en red y las ficciones como la \u00fanica verdad posible frente a la muerte.<\/p>\n<p>Dramaturgia: Francisco Lumerman.<\/p>\n<p>Act\u00faan: Francisco Lumerman, Ignacio Gracia, Rosario Varela.<\/p>\n<p>Movimiento: Manuel Attwell Vestuario: Betiana Temkin.<\/p>\n<p>Escenograf\u00eda: Micaela Sleigh.<\/p>\n<p>Iluminaci\u00f3n: Ricardo Sica.<\/p>\n<p>Realizaci\u00f3n de vestuario: Florencia M. Tutusaus.<\/p>\n<p>Audiovisuales: Nadia Benedicto 2.<\/p>\n<p>M\u00fasica original: Agust\u00edn Lumerman.<\/p>\n<p>Dise\u00f1o 3D: Mantrixa.<\/p>\n<p>Fotograf\u00eda: Laura Mastroscello.<\/p>\n<p>Dise\u00f1o gr\u00e1fico: Laura Tavacca.<\/p>\n<p>Asistencia de escenograf\u00eda: Guadalupe Borrajo.<\/p>\n<p>Asistencia de direcci\u00f3n: Manon Minetti.<\/p>\n<p>Prensa: Carolina Alfonso.<\/p>\n<p>Producci\u00f3n ejecutiva: Zoilo Garc\u00e9s.<\/p>\n<p>Direcci\u00f3n de actores: Jorge Eiro.<\/p>\n<p>Direcci\u00f3n: Francisco Lumerman.<\/p>\n","protected":false},"excerpt":{"rendered":"<p>La 37\u00aa Fiesta Nacional del Teatro ya comenz\u00f3 a vivirse en Catamarca y La Rioja, las dos sedes de este<\/p>\n","protected":false},"author":1,"featured_media":7477,"comment_status":"closed","ping_status":"closed","sticky":false,"template":"","format":"standard","meta":{"footnotes":"","jetpack_publicize_message":"","jetpack_publicize_feature_enabled":true,"jetpack_social_post_already_shared":true,"jetpack_social_options":{"image_generator_settings":{"template":"highway","enabled":false},"version":2}},"categories":[3],"tags":[],"class_list":["post-7476","post","type-post","status-publish","format-standard","has-post-thumbnail","hentry","category-sociedad"],"jetpack_publicize_connections":[],"_links":{"self":[{"href":"https:\/\/diariorepublica.com.ar\/web\/index.php\/wp-json\/wp\/v2\/posts\/7476"}],"collection":[{"href":"https:\/\/diariorepublica.com.ar\/web\/index.php\/wp-json\/wp\/v2\/posts"}],"about":[{"href":"https:\/\/diariorepublica.com.ar\/web\/index.php\/wp-json\/wp\/v2\/types\/post"}],"author":[{"embeddable":true,"href":"https:\/\/diariorepublica.com.ar\/web\/index.php\/wp-json\/wp\/v2\/users\/1"}],"replies":[{"embeddable":true,"href":"https:\/\/diariorepublica.com.ar\/web\/index.php\/wp-json\/wp\/v2\/comments?post=7476"}],"version-history":[{"count":1,"href":"https:\/\/diariorepublica.com.ar\/web\/index.php\/wp-json\/wp\/v2\/posts\/7476\/revisions"}],"predecessor-version":[{"id":7478,"href":"https:\/\/diariorepublica.com.ar\/web\/index.php\/wp-json\/wp\/v2\/posts\/7476\/revisions\/7478"}],"wp:featuredmedia":[{"embeddable":true,"href":"https:\/\/diariorepublica.com.ar\/web\/index.php\/wp-json\/wp\/v2\/media\/7477"}],"wp:attachment":[{"href":"https:\/\/diariorepublica.com.ar\/web\/index.php\/wp-json\/wp\/v2\/media?parent=7476"}],"wp:term":[{"taxonomy":"category","embeddable":true,"href":"https:\/\/diariorepublica.com.ar\/web\/index.php\/wp-json\/wp\/v2\/categories?post=7476"},{"taxonomy":"post_tag","embeddable":true,"href":"https:\/\/diariorepublica.com.ar\/web\/index.php\/wp-json\/wp\/v2\/tags?post=7476"}],"curies":[{"name":"wp","href":"https:\/\/api.w.org\/{rel}","templated":true}]}}