{"id":7486,"date":"2023-09-14T07:58:14","date_gmt":"2023-09-14T10:58:14","guid":{"rendered":"https:\/\/diariorepublica.com.ar\/web\/?p=7486"},"modified":"2023-09-14T07:58:19","modified_gmt":"2023-09-14T10:58:19","slug":"eliminar-la-coparticipacion-seria-un-colapso-para-catamarca","status":"publish","type":"post","link":"https:\/\/diariorepublica.com.ar\/web\/index.php\/politica\/2023\/09\/14\/eliminar-la-coparticipacion-seria-un-colapso-para-catamarca\/","title":{"rendered":"\u00abEliminar la coparticipaci\u00f3n ser\u00eda un colapso para Catamarca\u00bb"},"content":{"rendered":"<p>Luis Lobo Vergara, candidato a legislador nacional por la alianza Juntos por el Cambio, habl\u00f3 sobre la idea que persigue el candidato a presidente de la Libertad Avanza, Javier Milei, sobre eliminar la coparticipaci\u00f3n federal de impuestos, al respecto Lobo Vergara dijo que \u201cLa propuesta de eliminar la coparticipaci\u00f3n significa el colapso de Catamarca en 30 d\u00edas. Catamarca solo produce el 8% de lo que consume, el 92% viene de coparticipaci\u00f3n, imaginen lo que ser\u00eda para Catamarca eso\u201d, expuso.<\/p>\n<p>Adem\u00e1s, cuestion\u00f3 la medida que tom\u00f3 el ministro de Econom\u00eda y candidato a presidente del oficialismo, Sergio Massa. \u201cEl impacto de la derogaci\u00f3n del impuesto a las Ganancias es puramente electoralista.<\/p>\n","protected":false},"excerpt":{"rendered":"<p>Luis Lobo Vergara, candidato a legislador nacional por la alianza Juntos por el Cambio, habl\u00f3 sobre la idea que persigue<\/p>\n","protected":false},"author":2,"featured_media":7487,"comment_status":"closed","ping_status":"closed","sticky":false,"template":"","format":"standard","meta":{"footnotes":"","jetpack_publicize_message":"","jetpack_publicize_feature_enabled":true,"jetpack_social_post_already_shared":true,"jetpack_social_options":{"image_generator_settings":{"template":"highway","enabled":false},"version":2}},"categories":[12],"tags":[],"class_list":["post-7486","post","type-post","status-publish","format-standard","has-post-thumbnail","hentry","category-politica"],"jetpack_publicize_connections":[],"_links":{"self":[{"href":"https:\/\/diariorepublica.com.ar\/web\/index.php\/wp-json\/wp\/v2\/posts\/7486"}],"collection":[{"href":"https:\/\/diariorepublica.com.ar\/web\/index.php\/wp-json\/wp\/v2\/posts"}],"about":[{"href":"https:\/\/diariorepublica.com.ar\/web\/index.php\/wp-json\/wp\/v2\/types\/post"}],"author":[{"embeddable":true,"href":"https:\/\/diariorepublica.com.ar\/web\/index.php\/wp-json\/wp\/v2\/users\/2"}],"replies":[{"embeddable":true,"href":"https:\/\/diariorepublica.com.ar\/web\/index.php\/wp-json\/wp\/v2\/comments?post=7486"}],"version-history":[{"count":1,"href":"https:\/\/diariorepublica.com.ar\/web\/index.php\/wp-json\/wp\/v2\/posts\/7486\/revisions"}],"predecessor-version":[{"id":7488,"href":"https:\/\/diariorepublica.com.ar\/web\/index.php\/wp-json\/wp\/v2\/posts\/7486\/revisions\/7488"}],"wp:featuredmedia":[{"embeddable":true,"href":"https:\/\/diariorepublica.com.ar\/web\/index.php\/wp-json\/wp\/v2\/media\/7487"}],"wp:attachment":[{"href":"https:\/\/diariorepublica.com.ar\/web\/index.php\/wp-json\/wp\/v2\/media?parent=7486"}],"wp:term":[{"taxonomy":"category","embeddable":true,"href":"https:\/\/diariorepublica.com.ar\/web\/index.php\/wp-json\/wp\/v2\/categories?post=7486"},{"taxonomy":"post_tag","embeddable":true,"href":"https:\/\/diariorepublica.com.ar\/web\/index.php\/wp-json\/wp\/v2\/tags?post=7486"}],"curies":[{"name":"wp","href":"https:\/\/api.w.org\/{rel}","templated":true}]}}