{"id":7489,"date":"2023-09-14T07:59:55","date_gmt":"2023-09-14T10:59:55","guid":{"rendered":"https:\/\/diariorepublica.com.ar\/web\/?p=7489"},"modified":"2023-09-14T07:59:56","modified_gmt":"2023-09-14T10:59:56","slug":"las-ideas-de-milei-nos-podrian-provocar-un-dano-muy-grande","status":"publish","type":"post","link":"https:\/\/diariorepublica.com.ar\/web\/index.php\/politica\/2023\/09\/14\/las-ideas-de-milei-nos-podrian-provocar-un-dano-muy-grande\/","title":{"rendered":"\u00abLas ideas de Milei nos podr\u00edan provocar un da\u00f1o muy grande\u00bb"},"content":{"rendered":"<p>El gobernador Ra\u00fal Jalil advirti\u00f3 que el candidato a presidente Javier Milei \u201cviene por la coparticipaci\u00f3n de las provincias y la destrucci\u00f3n del sistema federal de distribuci\u00f3n de ingresos\u201d y convoc\u00f3 a \u201ctomar conciencia del retroceso que eso significar\u00eda para regiones como la nuestra, que en los \u00faltimos a\u00f1os ha logrado afianzarse y crecer con el respaldo del Gobierno nacional\u201d.<\/p>\n<p>Jalil destac\u00f3 adem\u00e1s que \u201cMilei sigue la misma t\u00f3nica que tuvo el gobierno de Macri, para el que las provincias como la nuestra eran inviables\u201d.<\/p>\n<p>\u201cLa \u00fanica garant\u00eda de que nuestros intereses como provincia y como regi\u00f3n no se vean amenazados en este momento es el proyecto de Uni\u00f3n por la Patria y la presidencia de Sergio Massa\u201d<\/p>\n","protected":false},"excerpt":{"rendered":"<p>El gobernador Ra\u00fal Jalil advirti\u00f3 que el candidato a presidente Javier Milei \u201cviene por la coparticipaci\u00f3n de las provincias y<\/p>\n","protected":false},"author":2,"featured_media":7490,"comment_status":"closed","ping_status":"closed","sticky":false,"template":"","format":"standard","meta":{"footnotes":"","jetpack_publicize_message":"","jetpack_publicize_feature_enabled":true,"jetpack_social_post_already_shared":true,"jetpack_social_options":{"image_generator_settings":{"template":"highway","enabled":false},"version":2}},"categories":[12],"tags":[],"class_list":["post-7489","post","type-post","status-publish","format-standard","has-post-thumbnail","hentry","category-politica"],"jetpack_publicize_connections":[],"_links":{"self":[{"href":"https:\/\/diariorepublica.com.ar\/web\/index.php\/wp-json\/wp\/v2\/posts\/7489"}],"collection":[{"href":"https:\/\/diariorepublica.com.ar\/web\/index.php\/wp-json\/wp\/v2\/posts"}],"about":[{"href":"https:\/\/diariorepublica.com.ar\/web\/index.php\/wp-json\/wp\/v2\/types\/post"}],"author":[{"embeddable":true,"href":"https:\/\/diariorepublica.com.ar\/web\/index.php\/wp-json\/wp\/v2\/users\/2"}],"replies":[{"embeddable":true,"href":"https:\/\/diariorepublica.com.ar\/web\/index.php\/wp-json\/wp\/v2\/comments?post=7489"}],"version-history":[{"count":1,"href":"https:\/\/diariorepublica.com.ar\/web\/index.php\/wp-json\/wp\/v2\/posts\/7489\/revisions"}],"predecessor-version":[{"id":7491,"href":"https:\/\/diariorepublica.com.ar\/web\/index.php\/wp-json\/wp\/v2\/posts\/7489\/revisions\/7491"}],"wp:featuredmedia":[{"embeddable":true,"href":"https:\/\/diariorepublica.com.ar\/web\/index.php\/wp-json\/wp\/v2\/media\/7490"}],"wp:attachment":[{"href":"https:\/\/diariorepublica.com.ar\/web\/index.php\/wp-json\/wp\/v2\/media?parent=7489"}],"wp:term":[{"taxonomy":"category","embeddable":true,"href":"https:\/\/diariorepublica.com.ar\/web\/index.php\/wp-json\/wp\/v2\/categories?post=7489"},{"taxonomy":"post_tag","embeddable":true,"href":"https:\/\/diariorepublica.com.ar\/web\/index.php\/wp-json\/wp\/v2\/tags?post=7489"}],"curies":[{"name":"wp","href":"https:\/\/api.w.org\/{rel}","templated":true}]}}