{"id":752,"date":"2023-03-30T12:59:30","date_gmt":"2023-03-30T15:59:30","guid":{"rendered":"https:\/\/diariorepublica.com.ar\/web\/?p=752"},"modified":"2023-03-30T12:59:32","modified_gmt":"2023-03-30T15:59:32","slug":"raul-visito-la-planta-de-posco-y-se-reunio-con-representantes-de-la-estatal-komir","status":"publish","type":"post","link":"https:\/\/diariorepublica.com.ar\/web\/index.php\/politica\/2023\/03\/30\/raul-visito-la-planta-de-posco-y-se-reunio-con-representantes-de-la-estatal-komir\/","title":{"rendered":"Ra\u00fal visit\u00f3 la planta de POSCO y se reuni\u00f3 con representantes de la estatal KOMIR"},"content":{"rendered":"<p>En el marco de la misi\u00f3n en Corea del Sur, el mandatario provincial visit\u00f3 la planta sider\u00fargica de la empresa minera y mantuvo un encuentro de trabajo en KOMIR.<\/p>\n<p>La comitiva oficial, encabezada por el gobernador Ra\u00fal Jalil, mantuvo una importante agenda de trabajo en Corea del Sur donde visit\u00f3 la empresa minera Posco, que desarrolla el proyecto de litio en Catamarca y Salta.<\/p>\n<p>Durante el recorrido por oriente las autoridades locales tambi\u00e9n visitar\u00e1n los pa\u00edses de Jap\u00f3n y China, para mantener encuentros con autoridades gubernamentales y empresarios vinculados al sector de la miner\u00eda, agroindustria y automotriz.<\/p>\n<p>En el inicio de las actividades se reunieron con los CEO de Posco Holdings, empresa con sede en Corea del Sur, que fue creada en 1968 como la primera f\u00e1brica de acero integrada en Corea para la industrializaci\u00f3n de dicho pa\u00eds, y hoy est\u00e1 invirtiendo en la extracci\u00f3n de sales de litio en las provincias de Catamarca y Salta.<\/p>\n<p>Como representantes de POSCO estuvieron Choi, Jeong-Woo, presidente de Posco Holdings; Yoo Byeongog, vicepresidente Ejecutivo Senior de Posco Holdings; Lee, Kyungsub, vicepresidente Ejecutivo de Posco Holdings; Sung Kook Chung, vicepresidente de Posco Holdings.<\/p>\n<p>Junto al Gobernador estuvieron presentes el secretario general del CFI, Ignacio Lamothe; el Industria, Comercio y Empleo de Catamarca, Lisandro \u00c1lvarez; ministro de Miner\u00eda, Marcelo Murua; y el Embajador Argentino en Corea, Alfredo Bascou.<\/p>\n<p>Luego, el primer mandatario provincial junto al secretario del CFI, Ignacio Lamothe y la presidenta de CAMYEN, Susana Peralta y el ministro Lisandro \u00c1lvarez, visitaron la planta sider\u00fargica Posco donde conocieron las f\u00e1bricas de c\u00e1todos y \u00e1nodos para bater\u00edas de litio. La recorrida por las imponentes plantas sirvi\u00f3 para conocer in situ y observar lo que se necesita construir en nuestro pa\u00eds para poder desarrollar la cadena de producci\u00f3n del litio.<\/p>\n<p>Tambi\u00e9n visitaron los avances en la construcci\u00f3n de la f\u00e1brica de reciclaje de bater\u00edas de Posco, que entrar\u00e1 en funcionamiento en unos meses.<\/p>\n<p>KOMIR<\/p>\n<p>Con el objetivo de explorar oportunidades de inversi\u00f3n en miner\u00eda en Catamarca, la comitiva mantuvo una reuni\u00f3n con la empresa estatal surcoreana de energ\u00eda y recursos naturales, KOMIR (Korea Mine Rehabilitation and Mineral Resources Corp).<\/p>\n<p>Dicha empresa fue creada en 2021 con el objetivo de promover el desarrollo sustentable de regiones mineras, de punta a punta, desde la prospecci\u00f3n in-situ hasta el transporte global de minerales.<\/p>\n<p>Los representantes de KOMIR expusieron sobre la rehabilitaci\u00f3n que realizan en las minas posteriores a sus cierres. Fue un intercambio muy interesante para la comitiva provincial puesto que en Catamarca hay una mina en proceso de cierre.<\/p>\n<p>Aqu\u00ed acompa\u00f1aron tambi\u00e9n el ministro de Agua, Energ\u00eda y Medio Ambiente, Lucas Zampieri y Pablo Yapur de la empresa Minera del Altiplano.<\/p>\n","protected":false},"excerpt":{"rendered":"<p>En el marco de la misi\u00f3n en Corea del Sur, el mandatario provincial visit\u00f3 la planta sider\u00fargica de la empresa<\/p>\n","protected":false},"author":2,"featured_media":753,"comment_status":"closed","ping_status":"closed","sticky":false,"template":"","format":"standard","meta":{"footnotes":"","jetpack_publicize_message":"","jetpack_publicize_feature_enabled":true,"jetpack_social_post_already_shared":false,"jetpack_social_options":{"image_generator_settings":{"template":"highway","enabled":false},"version":2}},"categories":[12],"tags":[],"class_list":["post-752","post","type-post","status-publish","format-standard","has-post-thumbnail","hentry","category-politica"],"jetpack_publicize_connections":[],"_links":{"self":[{"href":"https:\/\/diariorepublica.com.ar\/web\/index.php\/wp-json\/wp\/v2\/posts\/752"}],"collection":[{"href":"https:\/\/diariorepublica.com.ar\/web\/index.php\/wp-json\/wp\/v2\/posts"}],"about":[{"href":"https:\/\/diariorepublica.com.ar\/web\/index.php\/wp-json\/wp\/v2\/types\/post"}],"author":[{"embeddable":true,"href":"https:\/\/diariorepublica.com.ar\/web\/index.php\/wp-json\/wp\/v2\/users\/2"}],"replies":[{"embeddable":true,"href":"https:\/\/diariorepublica.com.ar\/web\/index.php\/wp-json\/wp\/v2\/comments?post=752"}],"version-history":[{"count":1,"href":"https:\/\/diariorepublica.com.ar\/web\/index.php\/wp-json\/wp\/v2\/posts\/752\/revisions"}],"predecessor-version":[{"id":762,"href":"https:\/\/diariorepublica.com.ar\/web\/index.php\/wp-json\/wp\/v2\/posts\/752\/revisions\/762"}],"wp:featuredmedia":[{"embeddable":true,"href":"https:\/\/diariorepublica.com.ar\/web\/index.php\/wp-json\/wp\/v2\/media\/753"}],"wp:attachment":[{"href":"https:\/\/diariorepublica.com.ar\/web\/index.php\/wp-json\/wp\/v2\/media?parent=752"}],"wp:term":[{"taxonomy":"category","embeddable":true,"href":"https:\/\/diariorepublica.com.ar\/web\/index.php\/wp-json\/wp\/v2\/categories?post=752"},{"taxonomy":"post_tag","embeddable":true,"href":"https:\/\/diariorepublica.com.ar\/web\/index.php\/wp-json\/wp\/v2\/tags?post=752"}],"curies":[{"name":"wp","href":"https:\/\/api.w.org\/{rel}","templated":true}]}}