{"id":7524,"date":"2023-09-15T06:37:31","date_gmt":"2023-09-15T09:37:31","guid":{"rendered":"https:\/\/diariorepublica.com.ar\/web\/?p=7524"},"modified":"2023-09-15T06:37:35","modified_gmt":"2023-09-15T09:37:35","slug":"multitudinaria-manifestacion-de-trabajadores-estatales","status":"publish","type":"post","link":"https:\/\/diariorepublica.com.ar\/web\/index.php\/politica\/2023\/09\/15\/multitudinaria-manifestacion-de-trabajadores-estatales\/","title":{"rendered":"Multitudinaria manifestaci\u00f3n de trabajadores estatales"},"content":{"rendered":"<p>Los sectores nucleados en el \u201cFrente de Trabajadores Estatales Unidos\u201d marcharon por las calles de la ciudad con la participaci\u00f3n de referentes de los gremios APOC (Asociaci\u00f3n de Personal de Organismos de Control) Seccional Catamarca, Autoconvocados de la Salud, Personal del \u00e1rea central del Ministerio de Salud, trabajadores de ARCA y la Federaci\u00f3n Argentina de Trabajadores de la Vivienda (Seccional Catamarca), como as\u00ed tambi\u00e9n empleados del Hospital San Juan Bautista, Hospital de Ni\u00f1os, Maternidad Provincial 25 de Mayo, OSEP, Ministerio de Agua, Energ\u00eda y Medio Ambiente, Ministerio de Hacienda y Ministerio de Infraestructura y Obras Civiles, entre otros, adem\u00e1s de jubilados provinciales.<\/p>\n<p>En la plaza 25 de Mayo, los referentes de distintos sectores de la Administraci\u00f3n P\u00fablica criticaron con dureza la decisi\u00f3n del Gobierno de quitar el 10% que estaba acordado como incremento para otorgar dos nuevos bonos para los meses de septiembre y octubre, que totalizan $ 160 mil. Adem\u00e1s, apuntaron sus dardos contra los gremios que firmaron el acuerdo.<\/p>\n<p>En el momento de las alocuciones, el secretario general de APOC (Asociaci\u00f3n de Personal de Organismo de Control), Mauricio Hezze, remarc\u00f3 que \u201cterminando agosto, la recomposici\u00f3n salarial acordada por el Gobierno y algunos gremios solo lleg\u00f3 a 48%, contra una inflaci\u00f3n acumulada en el a\u00f1o del 83% hasta el momento, una diferencia de 32 puntos porcentuales. Y en septiembre, la inflaci\u00f3n acumulada ser\u00e1 de un 100% y nuestros salarios, conforme a lo que se hizo en esas actas paritarias que son vergonzosas, seguir\u00e1n estando en el 48%. \u00c9sa es lucha que estamos teniendo ahora\u00bb, afirm\u00f3 Hezze.<\/p>\n<p>\u00abEs cierto que el bono significa alguna platita en el bolsillo, pero es pan para hoy y hambre para ma\u00f1ana. No son parte del salario\u00bb, record\u00f3.<\/p>\n<p>Por otra parte, el gremialista neg\u00f3 que los bonos siempre sean incorporados al b\u00e1sico. \u201cSobre los bonos, que no computan para nada, ni para la antig\u00fcedad, ni para el aguinaldo, es una falacia que luego se blanquean. Los bonos que se pagaron en los primeros meses de este a\u00f1o, nada de eso fue blanqueado posteriormente, y por eso nuestros jubilados provinciales no vieron ni un peso, lo cual es vergonzoso\u201d, se\u00f1al\u00f3 Hezze.<\/p>\n<p>Por su parte, Pablo Marzece (\u00c1rea central del Ministerio de Salud) se\u00f1al\u00f3 que \u201cel Ejecutivo no sabe lo que es la necesidad del trabajador, no hay ninguna empat\u00eda; este sistema est\u00e1 haciendo destruir el salario real y hacen que perdamos la dignidad. Queremos recuperar la dignidad como empleados p\u00fablicos\u201d.<\/p>\n<p>\u00abNos han reducido a un sistema de esclavitud que siempre niega beneficios. La ministra de Trabajo (Ver\u00f3nica Soria) y de Econom\u00eda, Alejandra Nazareno, se han dado un s\u00faper adicional, para acallar sus conciencias\u00bb, afirm\u00f3 y denunci\u00f3 que el incremento fue mayor para los funcionarios.<\/p>\n<p>\u00abLos gremios de ATSA, ATE, UPCN y los Viales se han prostituido y han traicionado a todos sus afiliados, a los trabajadores; se han vendido como Judas, por un beso\u00bb, a\u00f1adi\u00f3 Marzece ante el aplauso de sus pares.<\/p>\n<p>\u00abAhora andan por los pasillos dando mensajes tiernos para convencer de que hicieron un gran esfuerzo. Todos sabemos que es una miseria lo que han logrado, hay que ver qu\u00e9 han recibido ellos, seguramente algunos beneficios han tenido para sus familias\u00bb, denunci\u00f3.<\/p>\n<p>Por su parte, Juan Acosta, referente del ARCA, destac\u00f3 la concurrencia y el acompa\u00f1amiento a la marcha: \u00abQuisiera saber si son capaces de juntar coraje para venir a manifestarse, nos llena de admiraci\u00f3n\u00bb.<\/p>\n<p>Una trabajadora del Hospital San Juan Bautista denunci\u00f3 la persecuci\u00f3n a los trabajadores de la Salud. \u00abHay una parte de los empleados que se beneficiaron econ\u00f3micamente; tenemos una puntera pol\u00edtica como directora asistencial y hoy nos hostiga por reclamar lo que necesitamos como trabajadores de la Salud\u00bb, afirm\u00f3.<\/p>\n","protected":false},"excerpt":{"rendered":"<p>Los sectores nucleados en el \u201cFrente de Trabajadores Estatales Unidos\u201d marcharon por las calles de la ciudad con la participaci\u00f3n<\/p>\n","protected":false},"author":2,"featured_media":7525,"comment_status":"closed","ping_status":"closed","sticky":false,"template":"","format":"standard","meta":{"footnotes":"","jetpack_publicize_message":"","jetpack_publicize_feature_enabled":true,"jetpack_social_post_already_shared":true,"jetpack_social_options":{"image_generator_settings":{"template":"highway","enabled":false},"version":2}},"categories":[12],"tags":[],"class_list":["post-7524","post","type-post","status-publish","format-standard","has-post-thumbnail","hentry","category-politica"],"jetpack_publicize_connections":[],"_links":{"self":[{"href":"https:\/\/diariorepublica.com.ar\/web\/index.php\/wp-json\/wp\/v2\/posts\/7524"}],"collection":[{"href":"https:\/\/diariorepublica.com.ar\/web\/index.php\/wp-json\/wp\/v2\/posts"}],"about":[{"href":"https:\/\/diariorepublica.com.ar\/web\/index.php\/wp-json\/wp\/v2\/types\/post"}],"author":[{"embeddable":true,"href":"https:\/\/diariorepublica.com.ar\/web\/index.php\/wp-json\/wp\/v2\/users\/2"}],"replies":[{"embeddable":true,"href":"https:\/\/diariorepublica.com.ar\/web\/index.php\/wp-json\/wp\/v2\/comments?post=7524"}],"version-history":[{"count":1,"href":"https:\/\/diariorepublica.com.ar\/web\/index.php\/wp-json\/wp\/v2\/posts\/7524\/revisions"}],"predecessor-version":[{"id":7526,"href":"https:\/\/diariorepublica.com.ar\/web\/index.php\/wp-json\/wp\/v2\/posts\/7524\/revisions\/7526"}],"wp:featuredmedia":[{"embeddable":true,"href":"https:\/\/diariorepublica.com.ar\/web\/index.php\/wp-json\/wp\/v2\/media\/7525"}],"wp:attachment":[{"href":"https:\/\/diariorepublica.com.ar\/web\/index.php\/wp-json\/wp\/v2\/media?parent=7524"}],"wp:term":[{"taxonomy":"category","embeddable":true,"href":"https:\/\/diariorepublica.com.ar\/web\/index.php\/wp-json\/wp\/v2\/categories?post=7524"},{"taxonomy":"post_tag","embeddable":true,"href":"https:\/\/diariorepublica.com.ar\/web\/index.php\/wp-json\/wp\/v2\/tags?post=7524"}],"curies":[{"name":"wp","href":"https:\/\/api.w.org\/{rel}","templated":true}]}}