{"id":7530,"date":"2023-09-15T07:05:03","date_gmt":"2023-09-15T10:05:03","guid":{"rendered":"https:\/\/diariorepublica.com.ar\/web\/?p=7530"},"modified":"2023-09-15T07:05:07","modified_gmt":"2023-09-15T10:05:07","slug":"el-gobierno-esta-tirando-mas-lena-al-fuego","status":"publish","type":"post","link":"https:\/\/diariorepublica.com.ar\/web\/index.php\/politica\/2023\/09\/15\/el-gobierno-esta-tirando-mas-lena-al-fuego\/","title":{"rendered":"\u00abEl Gobierno est\u00e1 tirando mas le\u00f1a al fuego\u00bb"},"content":{"rendered":"<p>El diputado nacional Francisco Monti (JPC) fue contundente al se\u00f1alar que Juntos por el Cambio no permitir\u00e1 que el ministro Sergio Massa \u00abhaga populismo de \u00faltima hora\u00bb, en alusi\u00f3n al respaldo que busca el Gobierno a las \u00faltimas medidas que viene anunciando el Gobierno nacional.<\/p>\n<p>\u00abLamentablemente, el Gobierno lo que est\u00e1 haciendo es tirar m\u00e1s le\u00f1a al fuego porque no hay ninguna medida, de todas las que se est\u00e1 anunciando, que est\u00e9 relacionada con frenar la inflaci\u00f3n sino que, justamente, todos los d\u00edas se enfoca en romper todos los d\u00edas una pi\u00f1ata distinta en el marco del &#8216;Plan platita&#8217; por parte de una fuerza pol\u00edtica que sali\u00f3 tercera a nivel nacional\u00bb<\/p>\n<p>\u00abEst\u00e1n quemando todas las naves y estableciendo una serie de medidas que, por un lado, generan un costo fiscal, es decir, un menor volumen de ingresos para el Estado, pero sin reducir los gastos para tener que hacer m\u00e1s emisi\u00f3n monetaria. Y a esa velocidad que vamos la inflaci\u00f3n va a seguir aumentando\u00bb, pronostic\u00f3.<\/p>\n<p>\u00abEn este momento no estamos gobernados por el presidente Alberto Fern\u00e1ndez sino por Sergio Massa, que es un personaje absolutamente inescrupuloso y, adem\u00e1s, completamente irresponsable porque est\u00e1 haciendo cosas que las va a tener que pagar el pr\u00f3ximo gobierno, que seguramente no va a ser de \u00e9l, porque evidentemente por eso est\u00e1n tirando todos esos manotazos de ahogado\u00bb<\/p>\n","protected":false},"excerpt":{"rendered":"<p>El diputado nacional Francisco Monti (JPC) fue contundente al se\u00f1alar que Juntos por el Cambio no permitir\u00e1 que el ministro<\/p>\n","protected":false},"author":2,"featured_media":7531,"comment_status":"closed","ping_status":"closed","sticky":false,"template":"","format":"standard","meta":{"footnotes":"","jetpack_publicize_message":"","jetpack_publicize_feature_enabled":true,"jetpack_social_post_already_shared":true,"jetpack_social_options":{"image_generator_settings":{"template":"highway","enabled":false},"version":2}},"categories":[12],"tags":[],"class_list":["post-7530","post","type-post","status-publish","format-standard","has-post-thumbnail","hentry","category-politica"],"jetpack_publicize_connections":[],"_links":{"self":[{"href":"https:\/\/diariorepublica.com.ar\/web\/index.php\/wp-json\/wp\/v2\/posts\/7530"}],"collection":[{"href":"https:\/\/diariorepublica.com.ar\/web\/index.php\/wp-json\/wp\/v2\/posts"}],"about":[{"href":"https:\/\/diariorepublica.com.ar\/web\/index.php\/wp-json\/wp\/v2\/types\/post"}],"author":[{"embeddable":true,"href":"https:\/\/diariorepublica.com.ar\/web\/index.php\/wp-json\/wp\/v2\/users\/2"}],"replies":[{"embeddable":true,"href":"https:\/\/diariorepublica.com.ar\/web\/index.php\/wp-json\/wp\/v2\/comments?post=7530"}],"version-history":[{"count":1,"href":"https:\/\/diariorepublica.com.ar\/web\/index.php\/wp-json\/wp\/v2\/posts\/7530\/revisions"}],"predecessor-version":[{"id":7532,"href":"https:\/\/diariorepublica.com.ar\/web\/index.php\/wp-json\/wp\/v2\/posts\/7530\/revisions\/7532"}],"wp:featuredmedia":[{"embeddable":true,"href":"https:\/\/diariorepublica.com.ar\/web\/index.php\/wp-json\/wp\/v2\/media\/7531"}],"wp:attachment":[{"href":"https:\/\/diariorepublica.com.ar\/web\/index.php\/wp-json\/wp\/v2\/media?parent=7530"}],"wp:term":[{"taxonomy":"category","embeddable":true,"href":"https:\/\/diariorepublica.com.ar\/web\/index.php\/wp-json\/wp\/v2\/categories?post=7530"},{"taxonomy":"post_tag","embeddable":true,"href":"https:\/\/diariorepublica.com.ar\/web\/index.php\/wp-json\/wp\/v2\/tags?post=7530"}],"curies":[{"name":"wp","href":"https:\/\/api.w.org\/{rel}","templated":true}]}}