{"id":7567,"date":"2023-09-15T11:52:00","date_gmt":"2023-09-15T14:52:00","guid":{"rendered":"https:\/\/diariorepublica.com.ar\/web\/?p=7567"},"modified":"2023-09-15T12:53:17","modified_gmt":"2023-09-15T15:53:17","slug":"boca-visita-a-defensa-y-justicia-con-la-premisa-de-volver-al-triunfo","status":"publish","type":"post","link":"https:\/\/diariorepublica.com.ar\/web\/index.php\/deportes\/2023\/09\/15\/boca-visita-a-defensa-y-justicia-con-la-premisa-de-volver-al-triunfo\/","title":{"rendered":"Boca visita a Defensa y Justicia con la premisa de volver al triunfo"},"content":{"rendered":"<article id=\"article-post\" class=\"first\">\n<div class=\"cuerpo\" data-twitter-link=\"https:\/\/twitter.com\/intent\/tweet?url=https:\/\/www.diariopopular.com.ar\/c741901&amp;via=poopulardiario&amp;related=Popular&amp;text=\">\n<p>Con la cabeza puesta en las semifinales de la Copa Libertadores de Am\u00e9rica,\u00a0<strong>Boca Juniors<\/strong>\u00a0visitar\u00e1 esta tarde a<strong>\u00a0Defensa y Justicia<\/strong>\u00a0con la premisa de cortar la racha de derrotas en la Zona B de la\u00a0<strong>Copa de la Liga<\/strong>\u00a0y volver al triunfo, en el marco de la cuarta fecha.<\/p>\n<\/div>\n<\/article>\n<article id=\"article-post\">\n<div class=\"cuerpo\" data-twitter-link=\"https:\/\/twitter.com\/intent\/tweet?url=https:\/\/www.diariopopular.com.ar\/c741901&amp;via=poopulardiario&amp;related=Popular&amp;text=\">\n<p>Este partido comenzar\u00e1 a las 18.45, lo dirigir\u00e1 Andr\u00e9s Merlos y ser\u00e1 televisado por la se\u00f1al de TNT Sports.<\/p>\n<p>En el conjunto que dirige Jorge Almir\u00f3n volver\u00e1n a jugar como titulares Valent\u00edn Barco y Cristian Medina, recuperados de sus lesiones musculares, mientras que el uruguayo Edinson Cavani y Guillermo Fern\u00e1ndez, quienes en las \u00faltimas pr\u00e1cticas trabajaron diferenciado por molestias, tambi\u00e9n ser\u00e1n de la partida.<\/p>\n<p>Por el lado de Defensa y Justicia, clasificado para semifinales de la Copa Sudamericana en una llave que disputar\u00e1 contra la Liga de Quito, en la Copa de la Liga suma -igual que Boca- 3 puntos, luego de tres empates ante Godoy Cruz (2-2), Platense (0-0) y Sarmiento (1-1).<\/p>\n<p><strong>Probables formaciones:<\/strong><\/p>\n<p><strong>Defensa y Justicia<\/strong>: Cristopher Fiermarin; Agust\u00edn Sant&#8217;Anna, Tom\u00e1s Cardona, Juli\u00e1n Malatini, Dar\u00edo C\u00e1ceres; Juli\u00e1n L\u00f3pez, Tom\u00e1s Escalante, David Barbona; Manuel Duarte, Lucas Pratto y Rodrigo Bogar\u00edn. Director t\u00e9cnico: Julio Vaccari.<\/p>\n<p><strong>Boca Juniors<\/strong>: Javier Garc\u00eda o Sergio Romero; Marcelo Weigandt, Nicol\u00e1s Figal, Marcos Rojo, Frank Fabra; Cristian Medina, Guillermo Fern\u00e1ndez, Ezequiel Fern\u00e1ndez; Luis Adv\u00edncula, Valent\u00edn Barco; Edinson Cavani. Director t\u00e9cnico: Jorge Almir\u00f3n.<\/p>\n<p><strong>\u00c1rbitro<\/strong>: Andr\u00e9s Merlos.<\/p>\n<p><strong>Estadio<\/strong>: Defensa y Justicia<\/p>\n<p><strong>Hora<\/strong>: 18.45<\/p>\n<p><strong>TV<\/strong>: TNT Sports.<\/p>\n<p>FUENTE: diariopopular.com<\/p>\n<\/div>\n<\/article>\n","protected":false},"excerpt":{"rendered":"<p>Con la cabeza puesta en las semifinales de la Copa Libertadores de Am\u00e9rica,\u00a0Boca Juniors\u00a0visitar\u00e1 esta tarde a\u00a0Defensa y Justicia\u00a0con la<\/p>\n","protected":false},"author":1,"featured_media":7568,"comment_status":"closed","ping_status":"closed","sticky":false,"template":"","format":"standard","meta":{"footnotes":"","jetpack_publicize_message":"","jetpack_publicize_feature_enabled":true,"jetpack_social_post_already_shared":true,"jetpack_social_options":{"image_generator_settings":{"template":"highway","enabled":false},"version":2}},"categories":[9],"tags":[],"class_list":["post-7567","post","type-post","status-publish","format-standard","has-post-thumbnail","hentry","category-deportes"],"jetpack_publicize_connections":[],"_links":{"self":[{"href":"https:\/\/diariorepublica.com.ar\/web\/index.php\/wp-json\/wp\/v2\/posts\/7567"}],"collection":[{"href":"https:\/\/diariorepublica.com.ar\/web\/index.php\/wp-json\/wp\/v2\/posts"}],"about":[{"href":"https:\/\/diariorepublica.com.ar\/web\/index.php\/wp-json\/wp\/v2\/types\/post"}],"author":[{"embeddable":true,"href":"https:\/\/diariorepublica.com.ar\/web\/index.php\/wp-json\/wp\/v2\/users\/1"}],"replies":[{"embeddable":true,"href":"https:\/\/diariorepublica.com.ar\/web\/index.php\/wp-json\/wp\/v2\/comments?post=7567"}],"version-history":[{"count":1,"href":"https:\/\/diariorepublica.com.ar\/web\/index.php\/wp-json\/wp\/v2\/posts\/7567\/revisions"}],"predecessor-version":[{"id":7569,"href":"https:\/\/diariorepublica.com.ar\/web\/index.php\/wp-json\/wp\/v2\/posts\/7567\/revisions\/7569"}],"wp:featuredmedia":[{"embeddable":true,"href":"https:\/\/diariorepublica.com.ar\/web\/index.php\/wp-json\/wp\/v2\/media\/7568"}],"wp:attachment":[{"href":"https:\/\/diariorepublica.com.ar\/web\/index.php\/wp-json\/wp\/v2\/media?parent=7567"}],"wp:term":[{"taxonomy":"category","embeddable":true,"href":"https:\/\/diariorepublica.com.ar\/web\/index.php\/wp-json\/wp\/v2\/categories?post=7567"},{"taxonomy":"post_tag","embeddable":true,"href":"https:\/\/diariorepublica.com.ar\/web\/index.php\/wp-json\/wp\/v2\/tags?post=7567"}],"curies":[{"name":"wp","href":"https:\/\/api.w.org\/{rel}","templated":true}]}}