{"id":7570,"date":"2023-09-15T11:30:00","date_gmt":"2023-09-15T14:30:00","guid":{"rendered":"https:\/\/diariorepublica.com.ar\/web\/?p=7570"},"modified":"2023-09-15T12:55:29","modified_gmt":"2023-09-15T15:55:29","slug":"murio-fernando-botero-celebre-pintor-de-colombia","status":"publish","type":"post","link":"https:\/\/diariorepublica.com.ar\/web\/index.php\/internacionales\/2023\/09\/15\/murio-fernando-botero-celebre-pintor-de-colombia\/","title":{"rendered":"Muri\u00f3 Fernando Botero, c\u00e9lebre pintor de Colombia"},"content":{"rendered":"<p>El c\u00e9lebre artista colombiano<strong>\u00a0Fernando Botero<\/strong>, conocido por sus esculturas de voluminosas figuras humanas, muri\u00f3 hoy a los 91 a\u00f1os.<\/p>\n<p>Lo inform\u00f3 el diario El Tiempo de Bogot\u00e1. Su hija Lina, en declaraciones a Caracol Radio, explic\u00f3 que falleci\u00f3 en M\u00f3naco esta ma\u00f1ana.\u00a0<strong>\u00abLlevaba cinco d\u00edas bastante delicado de salud porque hab\u00eda desarrollado una neumon\u00eda\u00bb<\/strong>, dijo.<\/p>\n<p><strong>\u00abMuri\u00f3 con 91 a\u00f1os, tuvo una vida extraordinaria y se fue en el momento indicado\u00bb,<\/strong>\u00a0expres\u00f3 su hija y lo record\u00f3 como una persona \u00abque dedic\u00f3 su vida a su pa\u00eds, que fue el tema de su obra art\u00edstica\u00bb.<\/p>\n<p>Considerado como \u00abel artista colombiano m\u00e1s grande de todos los tiempos\u00bb, Botero hab\u00eda nacido en 1932 en Medell\u00edn y lleg\u00f3 a convertirse en uno de los creadores contempor\u00e1neos m\u00e1s reconocibles en todo el mundo al desarrollar una impronta absolutamente propia.<\/p>\n<p>Sus figuras corpulentas le han llevado a abordar una gran variedad de temas, como reinterpretaciones de cuadros de los antiguos maestros, escenas callejeras latinoamericanas, la vida dom\u00e9stica y retratos sat\u00edricos de personajes pol\u00edticos. El volumen de sus personajes permiti\u00f3 al artista enfatizar y resaltar ciertos rasgos, aumentando su impacto.<\/p>\n<p><strong>Estudi\u00f3 en Colombia y en la Real Academia de Arte de San Fernando, en Madrid<\/strong>. Empez\u00f3 a exponer en la d\u00e9cada de 1960 en Estados Unidos, con una primera muestra en el Milwaukee Art Center.<\/p>\n<p>A los 19 a\u00f1os viaj\u00f3 a Bogot\u00e1, donde present\u00f3 su primera exposici\u00f3n individual de acuarelas, gouaches, tintas y \u00f3leos en la Galer\u00eda Leo Matiz, y con lo recaudado vivi\u00f3 alg\u00fan tiempo en Tol\u00fa. De su estancia all\u00ed saldr\u00eda el \u00f3leo \u00abFrente al mar\u00bb, con el que obtuvo el segundo premio de pintura en el IX Sal\u00f3n Anual de Artistas Colombianos.<\/p>\n<p>Su momento \u00abeureka\u00bb lleg\u00f3 en 1956, cuando viv\u00eda en Ciudad de M\u00e9xico: el artista pint\u00f3 una mandolina con un agujero de sonido inusualmente peque\u00f1o, lo que hizo que el instrumento adquiriera proporciones exageradas. Botero se sinti\u00f3 entusiasmado por estas posibilidades aparentemente nuevas, y esto encendi\u00f3 su exploraci\u00f3n del volumen a lo largo de toda su vida.<\/p>\n<p>En 1977 expuso sus bronces por primera vez en el Grand Palais de Par\u00eds y en 1978, Fernando Botero pint\u00f3 su propio pastiche del cuadro, titulado \u00abMonalisa\u00bb y pintada en su estilo caracter\u00edstico de \u00abBoterismo\u00bb, en homenaje a una de las m\u00e1s famosas de todas las pinturas al \u00f3leo occidentales, creada por Leonardo da Vinci.<\/p>\n<p>Fue adem\u00e1s un escultor, sus piezas pueden encontrarse en las calles de Medell\u00edn, Nueva York, Par\u00eds, Barcelona, Madrid y Jerusal\u00e9n, entre otros lugares.<\/p>\n","protected":false},"excerpt":{"rendered":"<p>El c\u00e9lebre artista colombiano\u00a0Fernando Botero, conocido por sus esculturas de voluminosas figuras humanas, muri\u00f3 hoy a los 91 a\u00f1os. Lo<\/p>\n","protected":false},"author":1,"featured_media":7571,"comment_status":"closed","ping_status":"closed","sticky":false,"template":"","format":"standard","meta":{"footnotes":"","jetpack_publicize_message":"","jetpack_publicize_feature_enabled":true,"jetpack_social_post_already_shared":true,"jetpack_social_options":{"image_generator_settings":{"template":"highway","enabled":false},"version":2}},"categories":[6],"tags":[],"class_list":["post-7570","post","type-post","status-publish","format-standard","has-post-thumbnail","hentry","category-internacionales"],"jetpack_publicize_connections":[],"_links":{"self":[{"href":"https:\/\/diariorepublica.com.ar\/web\/index.php\/wp-json\/wp\/v2\/posts\/7570"}],"collection":[{"href":"https:\/\/diariorepublica.com.ar\/web\/index.php\/wp-json\/wp\/v2\/posts"}],"about":[{"href":"https:\/\/diariorepublica.com.ar\/web\/index.php\/wp-json\/wp\/v2\/types\/post"}],"author":[{"embeddable":true,"href":"https:\/\/diariorepublica.com.ar\/web\/index.php\/wp-json\/wp\/v2\/users\/1"}],"replies":[{"embeddable":true,"href":"https:\/\/diariorepublica.com.ar\/web\/index.php\/wp-json\/wp\/v2\/comments?post=7570"}],"version-history":[{"count":1,"href":"https:\/\/diariorepublica.com.ar\/web\/index.php\/wp-json\/wp\/v2\/posts\/7570\/revisions"}],"predecessor-version":[{"id":7572,"href":"https:\/\/diariorepublica.com.ar\/web\/index.php\/wp-json\/wp\/v2\/posts\/7570\/revisions\/7572"}],"wp:featuredmedia":[{"embeddable":true,"href":"https:\/\/diariorepublica.com.ar\/web\/index.php\/wp-json\/wp\/v2\/media\/7571"}],"wp:attachment":[{"href":"https:\/\/diariorepublica.com.ar\/web\/index.php\/wp-json\/wp\/v2\/media?parent=7570"}],"wp:term":[{"taxonomy":"category","embeddable":true,"href":"https:\/\/diariorepublica.com.ar\/web\/index.php\/wp-json\/wp\/v2\/categories?post=7570"},{"taxonomy":"post_tag","embeddable":true,"href":"https:\/\/diariorepublica.com.ar\/web\/index.php\/wp-json\/wp\/v2\/tags?post=7570"}],"curies":[{"name":"wp","href":"https:\/\/api.w.org\/{rel}","templated":true}]}}