{"id":7600,"date":"2023-09-18T08:54:36","date_gmt":"2023-09-18T11:54:36","guid":{"rendered":"https:\/\/diariorepublica.com.ar\/web\/?p=7600"},"modified":"2023-09-18T08:54:38","modified_gmt":"2023-09-18T11:54:38","slug":"el-gobernador-participo-del-vii-congreso-argentino-de-justicia-constitucional-en-cordoba","status":"publish","type":"post","link":"https:\/\/diariorepublica.com.ar\/web\/index.php\/locales\/2023\/09\/18\/el-gobernador-participo-del-vii-congreso-argentino-de-justicia-constitucional-en-cordoba\/","title":{"rendered":"El Gobernador particip\u00f3 del VII Congreso Argentino de Justicia Constitucional en C\u00f3rdoba"},"content":{"rendered":"<p>El gobernador Ra\u00fal Jalil particip\u00f3 del VII Congreso Argentino de Justicia Constitucional\u00a0y el \u201c73\u00b0 Encuentro Internacional de Justicia Constitucional\u201d, realizado en la Universidad Nacional de C\u00f3rdoba, en conmemoraci\u00f3n por los 40 a\u00f1os de la Democracia en Argentina.\u00a0Tambi\u00e9n estuvieron presentes el ministro de la Corte de Justicia, Dr. Hern\u00e1n Martel y el ministro de Inclusi\u00f3n Digital y Sistema Productivos, Dalmacio Mera.<\/p>\n<p>Durante dos d\u00edas, reconocidos acad\u00e9micos y magistrados, no solo de Argentina sino tambi\u00e9n de otras partes de Am\u00e9rica y Europa, se dieron cita para presentar, debatir e intercambiar conocimientos, ideas y experiencias bajo el lema \u00abLa Justicia Constitucional y las Nuevas Tecnolog\u00edas\u00bb.<\/p>\n<p>El punto culminante del evento fue el lanzamiento oficial del VIII Congreso Argentino de Justicia Constitucional, programado para agosto de 2024 (los d\u00edas 15 y 16), que tendr\u00e1 lugar en la provincia de Catamarca. El tema central de este pr\u00f3ximo Congreso ser\u00e1 \u00abReformas Constitucionales-Poder Constituyente, a 30 a\u00f1os de la Reforma Constitucional Argentina de 1994\u00bb y ser\u00e1 organizado por la Provincia y la Asociaci\u00f3n Argentina de Justicia Constitucional (AAJC).<\/p>\n<p>En este contexto, es relevante destacar que el Gobierno Provincial, a trav\u00e9s del Ministerio de Inclusi\u00f3n Digital y Sistemas Productivos, firm\u00f3 un convenio con la Asociaci\u00f3n Argentina de Justicia Constitucional (AAJC), estableciendo un s\u00f3lido v\u00ednculo de cooperaci\u00f3n e intercambio en cuestiones jur\u00eddicas de inter\u00e9s mutuo.<\/p>\n","protected":false},"excerpt":{"rendered":"<p>El gobernador Ra\u00fal Jalil particip\u00f3 del VII Congreso Argentino de Justicia Constitucional\u00a0y el \u201c73\u00b0 Encuentro Internacional de Justicia Constitucional\u201d, realizado<\/p>\n","protected":false},"author":1,"featured_media":7601,"comment_status":"closed","ping_status":"closed","sticky":false,"template":"","format":"standard","meta":{"footnotes":"","jetpack_publicize_message":"","jetpack_publicize_feature_enabled":true,"jetpack_social_post_already_shared":true,"jetpack_social_options":{"image_generator_settings":{"template":"highway","enabled":false},"version":2}},"categories":[2],"tags":[],"class_list":["post-7600","post","type-post","status-publish","format-standard","has-post-thumbnail","hentry","category-locales"],"jetpack_publicize_connections":[],"_links":{"self":[{"href":"https:\/\/diariorepublica.com.ar\/web\/index.php\/wp-json\/wp\/v2\/posts\/7600"}],"collection":[{"href":"https:\/\/diariorepublica.com.ar\/web\/index.php\/wp-json\/wp\/v2\/posts"}],"about":[{"href":"https:\/\/diariorepublica.com.ar\/web\/index.php\/wp-json\/wp\/v2\/types\/post"}],"author":[{"embeddable":true,"href":"https:\/\/diariorepublica.com.ar\/web\/index.php\/wp-json\/wp\/v2\/users\/1"}],"replies":[{"embeddable":true,"href":"https:\/\/diariorepublica.com.ar\/web\/index.php\/wp-json\/wp\/v2\/comments?post=7600"}],"version-history":[{"count":1,"href":"https:\/\/diariorepublica.com.ar\/web\/index.php\/wp-json\/wp\/v2\/posts\/7600\/revisions"}],"predecessor-version":[{"id":7602,"href":"https:\/\/diariorepublica.com.ar\/web\/index.php\/wp-json\/wp\/v2\/posts\/7600\/revisions\/7602"}],"wp:featuredmedia":[{"embeddable":true,"href":"https:\/\/diariorepublica.com.ar\/web\/index.php\/wp-json\/wp\/v2\/media\/7601"}],"wp:attachment":[{"href":"https:\/\/diariorepublica.com.ar\/web\/index.php\/wp-json\/wp\/v2\/media?parent=7600"}],"wp:term":[{"taxonomy":"category","embeddable":true,"href":"https:\/\/diariorepublica.com.ar\/web\/index.php\/wp-json\/wp\/v2\/categories?post=7600"},{"taxonomy":"post_tag","embeddable":true,"href":"https:\/\/diariorepublica.com.ar\/web\/index.php\/wp-json\/wp\/v2\/tags?post=7600"}],"curies":[{"name":"wp","href":"https:\/\/api.w.org\/{rel}","templated":true}]}}