{"id":7609,"date":"2023-09-18T09:47:55","date_gmt":"2023-09-18T12:47:55","guid":{"rendered":"https:\/\/diariorepublica.com.ar\/web\/?p=7609"},"modified":"2023-09-18T09:47:59","modified_gmt":"2023-09-18T12:47:59","slug":"galan-no-pertenece-a-la-libertad-avanza","status":"publish","type":"post","link":"https:\/\/diariorepublica.com.ar\/web\/index.php\/politica\/2023\/09\/18\/galan-no-pertenece-a-la-libertad-avanza\/","title":{"rendered":"\u00abGal\u00e1n no pertenece a La Libertad Avanza\u00bb"},"content":{"rendered":"<p>El candidato a gobernador de La Libertad Avanza, Jos\u00e9 Jalil Colom\u00e9, cruz\u00f3 al empresario y referente libertario Javier Gal\u00e1n, por sus duras cr\u00edticas.<\/p>\n<p>Las declaraciones surgieron luego de que Gal\u00e1n afirmara que el candidato de La Libertad Avanza \u201ces un invento del gobernador Ra\u00fal Jalil y del gastron\u00f3mico Luis Barrionuevo\u201d. En ese sentido, afirm\u00f3 que el inter\u00e9s del Gobernador es \u201cdividir a la oposici\u00f3n\u201d.<\/p>\n<p>Al respecto, Jalil Colom\u00e9 afirm\u00f3 que \u00absorprende los ecos y la intencionalidad que tiene (Gal\u00e1n)\u00bb y agreg\u00f3: \u00abNo es integrante de La Libertad Avanza. Nuestro espacio est\u00e1 integrado por dos sectores: Unite y Movimiento Integraci\u00f3n y Desarrollo\u00bb.<\/p>\n<p>\u00abYo soy un candidato independiente que tom\u00e9 esta postura a \u00faltimo momento cuando no exist\u00edan otros candidatos para poner el pecho y que no quisieron venir. Se les ofreci\u00f3 a muchas figuras de la provincia y todas esas figuras se achicaron en ese momento\u00bb, se\u00f1al\u00f3.<\/p>\n<p>Sobre las propuestas, se\u00f1al\u00f3: \u00abVoy a seguir predicando por una reforma de transparencia en el Gobierno. Tenemos que acabar con estos grupos contratistas del Estado que manejaron el poder del Gobierno por siempre y que estimulan todas estas operetas d\u00eda a d\u00eda en la provincia y en la naci\u00f3n contra Javier Milei\u00bb.<\/p>\n","protected":false},"excerpt":{"rendered":"<p>El candidato a gobernador de La Libertad Avanza, Jos\u00e9 Jalil Colom\u00e9, cruz\u00f3 al empresario y referente libertario Javier Gal\u00e1n, por<\/p>\n","protected":false},"author":2,"featured_media":7610,"comment_status":"closed","ping_status":"closed","sticky":false,"template":"","format":"standard","meta":{"footnotes":"","jetpack_publicize_message":"","jetpack_publicize_feature_enabled":true,"jetpack_social_post_already_shared":true,"jetpack_social_options":{"image_generator_settings":{"template":"highway","enabled":false},"version":2}},"categories":[12],"tags":[],"class_list":["post-7609","post","type-post","status-publish","format-standard","has-post-thumbnail","hentry","category-politica"],"jetpack_publicize_connections":[],"_links":{"self":[{"href":"https:\/\/diariorepublica.com.ar\/web\/index.php\/wp-json\/wp\/v2\/posts\/7609"}],"collection":[{"href":"https:\/\/diariorepublica.com.ar\/web\/index.php\/wp-json\/wp\/v2\/posts"}],"about":[{"href":"https:\/\/diariorepublica.com.ar\/web\/index.php\/wp-json\/wp\/v2\/types\/post"}],"author":[{"embeddable":true,"href":"https:\/\/diariorepublica.com.ar\/web\/index.php\/wp-json\/wp\/v2\/users\/2"}],"replies":[{"embeddable":true,"href":"https:\/\/diariorepublica.com.ar\/web\/index.php\/wp-json\/wp\/v2\/comments?post=7609"}],"version-history":[{"count":1,"href":"https:\/\/diariorepublica.com.ar\/web\/index.php\/wp-json\/wp\/v2\/posts\/7609\/revisions"}],"predecessor-version":[{"id":7611,"href":"https:\/\/diariorepublica.com.ar\/web\/index.php\/wp-json\/wp\/v2\/posts\/7609\/revisions\/7611"}],"wp:featuredmedia":[{"embeddable":true,"href":"https:\/\/diariorepublica.com.ar\/web\/index.php\/wp-json\/wp\/v2\/media\/7610"}],"wp:attachment":[{"href":"https:\/\/diariorepublica.com.ar\/web\/index.php\/wp-json\/wp\/v2\/media?parent=7609"}],"wp:term":[{"taxonomy":"category","embeddable":true,"href":"https:\/\/diariorepublica.com.ar\/web\/index.php\/wp-json\/wp\/v2\/categories?post=7609"},{"taxonomy":"post_tag","embeddable":true,"href":"https:\/\/diariorepublica.com.ar\/web\/index.php\/wp-json\/wp\/v2\/tags?post=7609"}],"curies":[{"name":"wp","href":"https:\/\/api.w.org\/{rel}","templated":true}]}}