{"id":770,"date":"2023-03-31T05:29:00","date_gmt":"2023-03-31T08:29:00","guid":{"rendered":"https:\/\/diariorepublica.com.ar\/web\/?p=770"},"modified":"2023-03-31T08:07:19","modified_gmt":"2023-03-31T11:07:19","slug":"semana-santa-se-levanto-el-paro-de-controladores-aereos","status":"publish","type":"post","link":"https:\/\/diariorepublica.com.ar\/web\/index.php\/nacionales\/2023\/03\/31\/semana-santa-se-levanto-el-paro-de-controladores-aereos\/","title":{"rendered":"Semana Santa: se levant\u00f3 el paro de controladores a\u00e9reos"},"content":{"rendered":"<article id=\"article-post\" class=\"first\">\n<div class=\"cuerpo\" data-twitter-link=\"https:\/\/twitter.com\/intent\/tweet?url=https:\/\/www.diariopopular.com.ar\/c705424&amp;via=poopulardiario&amp;related=Popular&amp;text=\">\n<p>El&nbsp;<strong>Ministerio de Trabajo&nbsp;<\/strong>inform\u00f3 este jueves que qued\u00f3 sin efecto la huelga convocada por los controladores a\u00e9reos para el 5 de abril pr\u00f3ximo, en el inicio de la&nbsp;<strong>Semana Santa,<\/strong>&nbsp;por un conflicto salarial, luego de que las partes conviniesen la conformaci\u00f3n de una mesa de di\u00e1logo para discutir las diferencias.<\/p>\n<\/div>\n<\/article>\n<article id=\"article-post\">\n<div class=\"cuerpo\" data-twitter-link=\"https:\/\/twitter.com\/intent\/tweet?url=https:\/\/www.diariopopular.com.ar\/c705424&amp;via=poopulardiario&amp;related=Popular&amp;text=\">\n<p>La cartera laboral, a cargo de la ministra&nbsp;<strong>Raquel Olmos<\/strong>, inform\u00f3 que se dej\u00f3 sin efecto el paro convocado para ese d\u00eda por los controladores a\u00e9reos luego de haberse convenido la conformaci\u00f3n de una mesa de di\u00e1logo abierta para discutir las diferencias.<\/p>\n<p>\u201cLas partes acordaron plantear una mesa de di\u00e1logo abierta para discutir las diferencias. Se lleg\u00f3 a esta suspensi\u00f3n de la medida de fuerza luego de una reuni\u00f3n con&nbsp;<strong>Ana Castellani&nbsp;<\/strong>y autoridades de los ministerios de Trabajo y Transporte\u201d, destacaron desde la cartera que dirige&nbsp;<strong>Kelly Olmos<\/strong>.<\/p>\n<p>En el encuentro con los representantes de la Asociaci\u00f3n Trabajadores del Estado (ATE) en la Administraci\u00f3n Nacional de Aviaci\u00f3n Civil (ANAC) participaron autoridades de las carteras laboral y de Transporte y&nbsp;<strong>Ana Castellani,<\/strong>&nbsp;secretaria de Gesti\u00f3n y Empleo P\u00fablico.<\/p>\n<p>La medida de fuerza, convocada por los trabajadores en demanda de un incremento salarial paritario, hubiese paralizado los aeropuertos en el inicio de la<strong>&nbsp;Semana Santa.<\/strong><\/p>\n<p>La reuni\u00f3n entre las partes se realiz\u00f3 en la Jefatura de Gabinete de Ministros y, luego de varias horas, se logr\u00f3 un acuerdo para destrabar el conflicto salarial.<\/p>\n<\/div>\n<\/article>\n","protected":false},"excerpt":{"rendered":"<p>El&nbsp;Ministerio de Trabajo&nbsp;inform\u00f3 este jueves que qued\u00f3 sin efecto la huelga convocada por los controladores a\u00e9reos para el 5 de<\/p>\n","protected":false},"author":1,"featured_media":771,"comment_status":"closed","ping_status":"closed","sticky":false,"template":"","format":"standard","meta":{"footnotes":"","jetpack_publicize_message":"","jetpack_publicize_feature_enabled":true,"jetpack_social_post_already_shared":false,"jetpack_social_options":{"image_generator_settings":{"template":"highway","enabled":false},"version":2}},"categories":[4],"tags":[],"class_list":["post-770","post","type-post","status-publish","format-standard","has-post-thumbnail","hentry","category-nacionales"],"jetpack_publicize_connections":[],"_links":{"self":[{"href":"https:\/\/diariorepublica.com.ar\/web\/index.php\/wp-json\/wp\/v2\/posts\/770"}],"collection":[{"href":"https:\/\/diariorepublica.com.ar\/web\/index.php\/wp-json\/wp\/v2\/posts"}],"about":[{"href":"https:\/\/diariorepublica.com.ar\/web\/index.php\/wp-json\/wp\/v2\/types\/post"}],"author":[{"embeddable":true,"href":"https:\/\/diariorepublica.com.ar\/web\/index.php\/wp-json\/wp\/v2\/users\/1"}],"replies":[{"embeddable":true,"href":"https:\/\/diariorepublica.com.ar\/web\/index.php\/wp-json\/wp\/v2\/comments?post=770"}],"version-history":[{"count":2,"href":"https:\/\/diariorepublica.com.ar\/web\/index.php\/wp-json\/wp\/v2\/posts\/770\/revisions"}],"predecessor-version":[{"id":796,"href":"https:\/\/diariorepublica.com.ar\/web\/index.php\/wp-json\/wp\/v2\/posts\/770\/revisions\/796"}],"wp:featuredmedia":[{"embeddable":true,"href":"https:\/\/diariorepublica.com.ar\/web\/index.php\/wp-json\/wp\/v2\/media\/771"}],"wp:attachment":[{"href":"https:\/\/diariorepublica.com.ar\/web\/index.php\/wp-json\/wp\/v2\/media?parent=770"}],"wp:term":[{"taxonomy":"category","embeddable":true,"href":"https:\/\/diariorepublica.com.ar\/web\/index.php\/wp-json\/wp\/v2\/categories?post=770"},{"taxonomy":"post_tag","embeddable":true,"href":"https:\/\/diariorepublica.com.ar\/web\/index.php\/wp-json\/wp\/v2\/tags?post=770"}],"curies":[{"name":"wp","href":"https:\/\/api.w.org\/{rel}","templated":true}]}}