{"id":7717,"date":"2023-09-21T07:47:50","date_gmt":"2023-09-21T10:47:50","guid":{"rendered":"https:\/\/diariorepublica.com.ar\/web\/?p=7717"},"modified":"2023-09-21T07:47:52","modified_gmt":"2023-09-21T10:47:52","slug":"con-fuertes-cruces-y-chicanas-los-candidatos-a-vicepresidentes-protagonizaron-el-primer-debate","status":"publish","type":"post","link":"https:\/\/diariorepublica.com.ar\/web\/index.php\/nacionales\/2023\/09\/21\/con-fuertes-cruces-y-chicanas-los-candidatos-a-vicepresidentes-protagonizaron-el-primer-debate\/","title":{"rendered":"Con fuertes cruces y chicanas, los candidatos a vicepresidentes protagonizaron el primer debate"},"content":{"rendered":"<article class=\"article-body article-body--first-paragraph content-protected-false\" data-td-script-src=\"https:\/\/www.ambito.com\/td\/modulos\/encuestas\/js\/function-embeds-min-version-1660312129.js\">Los<strong>\u00a0cinco\u00a0candidatos a vicepresidente<\/strong><strong>\u00a0debatieron esta noche por primera vez en televisi\u00f3n de cara a las\u00a0elecciones presidenciales del 22 de octubre.\u00a0Con tensos\u00a0cruces y chicanas, los postulantes hablaron sobre las principales promesas de campa\u00f1a y respondieron las cr\u00edticas de sus contrincantes.<\/strong><\/p>\n<\/article>\n<article class=\"article-body article-body--second-paragraph content-protected-false\"><strong>Agust\u00edn Rossi<\/strong>\u00a0(Uni\u00f3n por la Patria),\u00a0<strong>Luis Petri<\/strong>\u00a0(Juntos por el Cambio),\u00a0<strong>Victoria Villarruel<\/strong>\u00a0(La Libertad Avanza),\u00a0<strong>Florencio Randazzo<\/strong>\u00a0(Hacemos por nuestro pa\u00eds) y\u00a0<strong>Nicol\u00e1s del Ca\u00f1o<\/strong>\u00a0(Frente de Izquierda) discutieron esta noche sobre econom\u00eda, seguridad, derechos humanos y sociales.<\/p>\n<article class=\"article-body article-body--third-paragraph content-protected-false\"><strong>Rossi<\/strong>\u00a0abog\u00f3 por un modelo de\u00a0<strong>\u00abcrecimiento con inclusi\u00f3n social\u00bb<\/strong>\u00a0y advirti\u00f3 que \u00abel otro camino es del odio y el ajuste\u00bb, en referencia a la oposici\u00f3n. Adem\u00e1s remarc\u00f3 que un eventual gobierno de Sergio Massa se enfocar\u00e1 en los \u00abderechos de los trabajadores, las mujeres y los derechos humanos\u00bb.<\/p>\n<\/article>\n<article class=\"article-body article-body--fourth-paragraph content-protected-false\"><strong>\u00abCrecimiento econ\u00f3mico con inclusi\u00f3n social\u00bb<\/strong>, resumi\u00f3 el actual jefe de Gabinete y abog\u00f3 por que \u00ablos chicos crezcan en un ambiente seguro y c\u00e1lido\u00bb.<\/p>\n<\/article>\n<article class=\"article-body article-body--remaining-paragraph content-protected-false\">A su turno<strong>\u00a0Villarruel<\/strong>\u00a0afirm\u00f3 que busca \u00abhablar de lo que le interesa a la gente\u00bb, acus\u00f3 a los otros cuatro postulantes de \u00abvivir del Estado\u00bb y tener ideas que \u00abatrasan\u00bb, y afirm\u00f3 que \u00abson una imitaci\u00f3n y una copia\u00bb.<\/p>\n<p>Adem\u00e1s, consider\u00f3 que<strong>\u00a0\u00ablos otros cuatro candidatos viven del Estado, sus ideas atrasan y son una imitaci\u00f3n y una copia de nuestras ideas\u00bb.<\/strong><\/p>\n<p><strong>Petri,<\/strong>\u00a0candidato a vice de\u00a0<strong>Bullrich,<\/strong>\u00a0sostuvo que \u00abpara terminar con la inflaci\u00f3n primero hay que terminar con el kirchnerismo, que es una m\u00e1quina de generar pobreza y poner palos\u00bb y abog\u00f3 por tener un \u00abpresupuesto sin d\u00e9ficit, que ajuste a la pol\u00edtica, un banco central independiente, sin cepos que terminen siendo un cerrojo\u00bb.<\/p>\n<p>\u00abLa crisis tiene soluci\u00f3n\u00bb y es con \u00aborden\u00bb, dijo Petri, para que la gente \u00abpueda ir a trabajar y no lo impidan 50 tipos en un piquete, sin paros ni adoctrinamientos en las escuelas y para que el sueldo valga\u00bb.<\/p>\n<p>A su turno,\u00a0<strong>Nicol\u00e1s del Ca\u00f1o<\/strong>\u00a0ponder\u00f3 la propuesta de<strong>\u00a0reducir la jornada laboral<\/strong>\u00a0a seis horas de su fuerza, valor\u00f3 que continuar\u00e1n \u00abpeleando por Memoria, Verdad y Justicia\u00bb y consider\u00f3 que la izquierda es la \u00fanica que no est\u00e1 \u00absometida\u00bb al FMI.<\/p>\n<p>A su vez, dijo tener \u00abel orgullo de acompa\u00f1ar a\u00a0<strong>Myriam Bregman,<\/strong>\u00a0una incansable luchadora en los derechos de las mujeres, abogada en los juicios contra los genocidas, que del otro lado estaba (Victoria) Villarruel\u00bb.<\/p>\n<p>El candidato de la izquierda cruz\u00f3 a la candidata vicepresidencial de La Libertad Avanza (LLA), Victoria Villarruel: \u00abNuestras listas est\u00e1n llenas de laburantes y no de negacionistas como vos\u00bb.<\/p>\n<p>El diputado nacional pidi\u00f3 por un \u00abaumento de emergencia\u00bb para combatir los aumentos de precios y sentenci\u00f3: \u00abLos salarios siempre tienen que estar por encima de la inflaci\u00f3n\u00bb.<\/p>\n<p>\u00abHay que ajustar a las empresas que matan con los tarifazos, a las grandes empresas de alimentos que te remarcan y aumentan todos los d\u00edas, a los bancos, todos eso que ganaron fortunas\u00bb, resalt\u00f3.<\/p>\n<p>El candidato a vice\u00a0<strong>Florencio Randazzo,<\/strong>\u00a0consider\u00f3 que \u00abel principal problema\u00bb de Argentina es la inflaci\u00f3n, pidi\u00f3 terminar con la \u00abmaldita grieta\u00bb y destac\u00f3 que la \u00abpol\u00edtica solamente sirve para resolver los problemas de la gente\u00bb.<\/p>\n<p><strong>\u00abJuan Schiaretti<\/strong>\u00a0propone la posibilidad que la Argentina salga del estado de crisis en la que se encuentra\u00bb, destac\u00f3 Randazzo sobre su compa\u00f1ero de f\u00f3rmula, al que consider\u00f3 como \u00abel mejor candidato\u00bb.<\/p>\n<p>Adem\u00e1s, consider\u00f3 que la \u00abpol\u00edtica s\u00f3lo sirve si es capaz de resolverle los problemas de la gente\u00bb y ponder\u00f3 que Hacemos por Nuestro Pa\u00eds es \u00abla \u00fanica f\u00f3rmula federal\u00bb.<\/p>\n<h2>Cruces<\/h2>\n<p>Durante el debate,\u00a0<strong>Petri acus\u00f3 a Villarruel de ser \u00ab\u00f1oqui\u00bb\u00a0<\/strong>por no haber presentado ning\u00fan proyecto desde que es diputada de la naci\u00f3n.<\/p>\n<p>\u00abA los que no presentan proyectos en mi barrio les decimos \u00f1oquis\u00bb, afirm\u00f3 y adem\u00e1s la acus\u00f3 de \u00abno haber presentado un solo proyecto de Seguridad despu\u00e9s de 20 meses\u00bb y sugiri\u00f3:\u00a0<strong>\u00abSi quer\u00e9s te puedo dar los m\u00edos\u00bb<\/strong>.<\/p>\n<p>Luego, en el cruce de preguntas entre\u00a0<strong>Rossi y Villarruel<\/strong>, el candidato de UP le pregunt\u00f3 por sus visitas al dictador Jorge Videla en la c\u00e1rcel. La diputada de La Libertad Avanza se excus\u00f3 diciendo que fue parte de una investigaci\u00f3n para un libro, lo que gener\u00f3 la reacci\u00f3n del jefe de Gabinete:<strong>\u00a0\u00abNo te creo nada\u00bb<\/strong>.<\/p>\n<p>A continuaci\u00f3n, Rossi critic\u00f3 a Villarruel por su negacionismo sobre las violaciones de Derechos Humanos en la Dictadura\u00a0y agreg\u00f3:\u00a0<strong>\u201c Yo creo que vos reivindicas a la Dictadura. Nunca te escuch\u00e9 una cr\u00edtica, nunca te escuche criticar la tortura ni el robo de beb\u00e9s. Victoria, vos me haces acordar a Astiz. Sos una infiltrada de la democracia.\u201d<\/strong><\/p>\n<p>El debate de esta noche fue el primero que encabezan candidatos a vicepresidentes con vistas a la elecci\u00f3n de octubre, previo al cruce de los candidatos a jefe de Gobierno porte\u00f1o que se realizar\u00e1 el pr\u00f3ximo mi\u00e9rcoles 27 y a<strong>\u00a0los debates presidenciales del 1 y 8 de octubre<\/strong>, que se realizar\u00e1n en Santiago del Estero y la facultad de Derecho de la Universidad de Buenos Aires, respectivamente.<\/p>\n<p>FUENTE: ambito.com<\/p>\n<\/article>\n<\/article>\n","protected":false},"excerpt":{"rendered":"<p>Los\u00a0cinco\u00a0candidatos a vicepresidente\u00a0debatieron esta noche por primera vez en televisi\u00f3n de cara a las\u00a0elecciones presidenciales del 22 de octubre.\u00a0Con tensos\u00a0cruces<\/p>\n","protected":false},"author":1,"featured_media":7718,"comment_status":"closed","ping_status":"closed","sticky":false,"template":"","format":"standard","meta":{"footnotes":"","jetpack_publicize_message":"","jetpack_publicize_feature_enabled":true,"jetpack_social_post_already_shared":true,"jetpack_social_options":{"image_generator_settings":{"template":"highway","enabled":false},"version":2}},"categories":[4],"tags":[],"class_list":["post-7717","post","type-post","status-publish","format-standard","has-post-thumbnail","hentry","category-nacionales"],"jetpack_publicize_connections":[],"_links":{"self":[{"href":"https:\/\/diariorepublica.com.ar\/web\/index.php\/wp-json\/wp\/v2\/posts\/7717"}],"collection":[{"href":"https:\/\/diariorepublica.com.ar\/web\/index.php\/wp-json\/wp\/v2\/posts"}],"about":[{"href":"https:\/\/diariorepublica.com.ar\/web\/index.php\/wp-json\/wp\/v2\/types\/post"}],"author":[{"embeddable":true,"href":"https:\/\/diariorepublica.com.ar\/web\/index.php\/wp-json\/wp\/v2\/users\/1"}],"replies":[{"embeddable":true,"href":"https:\/\/diariorepublica.com.ar\/web\/index.php\/wp-json\/wp\/v2\/comments?post=7717"}],"version-history":[{"count":1,"href":"https:\/\/diariorepublica.com.ar\/web\/index.php\/wp-json\/wp\/v2\/posts\/7717\/revisions"}],"predecessor-version":[{"id":7719,"href":"https:\/\/diariorepublica.com.ar\/web\/index.php\/wp-json\/wp\/v2\/posts\/7717\/revisions\/7719"}],"wp:featuredmedia":[{"embeddable":true,"href":"https:\/\/diariorepublica.com.ar\/web\/index.php\/wp-json\/wp\/v2\/media\/7718"}],"wp:attachment":[{"href":"https:\/\/diariorepublica.com.ar\/web\/index.php\/wp-json\/wp\/v2\/media?parent=7717"}],"wp:term":[{"taxonomy":"category","embeddable":true,"href":"https:\/\/diariorepublica.com.ar\/web\/index.php\/wp-json\/wp\/v2\/categories?post=7717"},{"taxonomy":"post_tag","embeddable":true,"href":"https:\/\/diariorepublica.com.ar\/web\/index.php\/wp-json\/wp\/v2\/tags?post=7717"}],"curies":[{"name":"wp","href":"https:\/\/api.w.org\/{rel}","templated":true}]}}