{"id":7754,"date":"2023-09-21T11:44:37","date_gmt":"2023-09-21T14:44:37","guid":{"rendered":"https:\/\/diariorepublica.com.ar\/web\/?p=7754"},"modified":"2023-09-21T11:44:39","modified_gmt":"2023-09-21T14:44:39","slug":"taxistas-y-remiseros-buscan-que-se-impida-la-llegada-de-uber","status":"publish","type":"post","link":"https:\/\/diariorepublica.com.ar\/web\/index.php\/sociedad\/2023\/09\/21\/taxistas-y-remiseros-buscan-que-se-impida-la-llegada-de-uber\/","title":{"rendered":"Taxistas y remiseros buscan que se impida la llegada de UBER"},"content":{"rendered":"<p>Walter Brizuela, referente de taxistas y remiseros, habl\u00f3 con FM REPUBLICA 103.1 en relaci\u00f3n con la llegada de UBER a nuestra provincia y al respecto dijo \u00abEstamos todos en estado de asamblea permanente y en estado de alerta. As\u00ed que de esa manera estamos rechazando de plano. Es un trabajo ilegal, una competencia desleal, as\u00ed que de esa manera estamos todos reunidos para comenzar, si llega a ser la posibilidad de desembarco, a dar la batalla que hay que dar\u00bb<\/p>\n<p>Ante la pregunta sobre las medidas que tomar\u00edan en caso de un desembarco inminente de Uber, Brizuela indic\u00f3 que seguir\u00e1n el ejemplo de otras provincias y luchar\u00e1n contra la plataforma. \u00ab<strong>Nosotros vamos a combatirlo<\/strong>, sabemos que tenemos una gran ventaja que trabajamos con el diario del lunes vendr\u00eda a ser, que ya sabemos c\u00f3mo trabajan, c\u00f3mo operan.\u00a0<strong>Primero entran al mercado ofreciendo espejitos de colores, una vez que se apoderan del mercado y de la gente, ya las tarifas las manejan ellos<\/strong>, a gusto y a placer, si llueve, si hace fr\u00edo, as\u00ed que de esa manera no vamos a permitir que se rompa la fuente de trabajo y el sistema de nuestro trabajo\u00bb, declar\u00f3.<\/p>\n<p>En cuanto al respaldo legal, Brizuela confirm\u00f3 que cuentan con el apoyo de la federaci\u00f3n del gremio y sus abogados, quienes est\u00e1n dispuestos a presentar las acciones legales necesarias para hacer frente a la llegada de la empresa. \u00abSeguramente esto va a llegar a judicializarse, as\u00ed que de esa manera tenemos el apoyo del gremio\u00bb<\/p>\n","protected":false},"excerpt":{"rendered":"<p>Walter Brizuela, referente de taxistas y remiseros, habl\u00f3 con FM REPUBLICA 103.1 en relaci\u00f3n con la llegada de UBER a<\/p>\n","protected":false},"author":2,"featured_media":7755,"comment_status":"closed","ping_status":"closed","sticky":false,"template":"","format":"standard","meta":{"footnotes":"","jetpack_publicize_message":"","jetpack_publicize_feature_enabled":true,"jetpack_social_post_already_shared":true,"jetpack_social_options":{"image_generator_settings":{"template":"highway","enabled":false},"version":2}},"categories":[3],"tags":[],"class_list":["post-7754","post","type-post","status-publish","format-standard","has-post-thumbnail","hentry","category-sociedad"],"jetpack_publicize_connections":[],"_links":{"self":[{"href":"https:\/\/diariorepublica.com.ar\/web\/index.php\/wp-json\/wp\/v2\/posts\/7754"}],"collection":[{"href":"https:\/\/diariorepublica.com.ar\/web\/index.php\/wp-json\/wp\/v2\/posts"}],"about":[{"href":"https:\/\/diariorepublica.com.ar\/web\/index.php\/wp-json\/wp\/v2\/types\/post"}],"author":[{"embeddable":true,"href":"https:\/\/diariorepublica.com.ar\/web\/index.php\/wp-json\/wp\/v2\/users\/2"}],"replies":[{"embeddable":true,"href":"https:\/\/diariorepublica.com.ar\/web\/index.php\/wp-json\/wp\/v2\/comments?post=7754"}],"version-history":[{"count":1,"href":"https:\/\/diariorepublica.com.ar\/web\/index.php\/wp-json\/wp\/v2\/posts\/7754\/revisions"}],"predecessor-version":[{"id":7756,"href":"https:\/\/diariorepublica.com.ar\/web\/index.php\/wp-json\/wp\/v2\/posts\/7754\/revisions\/7756"}],"wp:featuredmedia":[{"embeddable":true,"href":"https:\/\/diariorepublica.com.ar\/web\/index.php\/wp-json\/wp\/v2\/media\/7755"}],"wp:attachment":[{"href":"https:\/\/diariorepublica.com.ar\/web\/index.php\/wp-json\/wp\/v2\/media?parent=7754"}],"wp:term":[{"taxonomy":"category","embeddable":true,"href":"https:\/\/diariorepublica.com.ar\/web\/index.php\/wp-json\/wp\/v2\/categories?post=7754"},{"taxonomy":"post_tag","embeddable":true,"href":"https:\/\/diariorepublica.com.ar\/web\/index.php\/wp-json\/wp\/v2\/tags?post=7754"}],"curies":[{"name":"wp","href":"https:\/\/api.w.org\/{rel}","templated":true}]}}