{"id":7834,"date":"2023-09-26T08:00:55","date_gmt":"2023-09-26T11:00:55","guid":{"rendered":"https:\/\/diariorepublica.com.ar\/web\/?p=7834"},"modified":"2023-09-26T08:00:57","modified_gmt":"2023-09-26T11:00:57","slug":"la-pelea-nacional-de-jpc-repercute-en-catamarca","status":"publish","type":"post","link":"https:\/\/diariorepublica.com.ar\/web\/index.php\/politica\/2023\/09\/26\/la-pelea-nacional-de-jpc-repercute-en-catamarca\/","title":{"rendered":"La pelea nacional de JPC repercute en Catamarca"},"content":{"rendered":"<p>La pelea desatada entre el gobernador de Jujuy y presidente de la UCR, Gerardo Morales y el expresidente Mauricio Macri, tuvo su repercusi\u00f3n en Catamarca. En este sentido, el presidente del PRO de Catamarca, Carlos Molina, sostuvo que estas diferencias hay que dejarlas para despu\u00e9s de las elecciones. Por su parte, el diputado provincial y candidato a diputado nacional, Luis Lobo Vergara, coincidi\u00f3 que m\u00e1s all\u00e1 de las diferencias \u201chay un sentido de unidad\u201d, mientras que el senador nacional por Catamarca y candidato a gobernador, Flavio Fama, defendi\u00f3 a Morales por participar del acto con Massa, al sostener que era su responsabilidad concurrir a la ceremonia.<br \/>\nCarlos Molina, desdramatiz\u00f3 la situaci\u00f3n al sostener que Juntos por el Cambio \u201ces una coalici\u00f3n a donde hay sectores liberales muy fuertes que hoy son los que est\u00e1n afrontando la elecci\u00f3n y los gobernadores que se han movido en ese sentido son a los que mejor les ha ido\u201d.<br \/>\nEl candidato a diputado reconoci\u00f3 que existen diferentes miradas dentro de Juntos por el Cambio pero que esto ocurre en todas las coaliciones. \u201cImaginemos las diferencias que puede haber en el peronismo entre lo que piensa Massa y (Juan) Grabois que es abismal. Ah\u00ed son mucho m\u00e1s extremas que en Juntos por el Cambio\u201d, advirti\u00f3.<br \/>\nMolina consider\u00f3 que lo mejor es \u201cguardar las declaraciones de cualquiera de los lados para despu\u00e9s de la elecci\u00f3n\u201d y reci\u00e9n ah\u00ed \u201ctener una gran asamblea para definir estos temas\u201d.<\/p>\n","protected":false},"excerpt":{"rendered":"<p>La pelea desatada entre el gobernador de Jujuy y presidente de la UCR, Gerardo Morales y el expresidente Mauricio Macri,<\/p>\n","protected":false},"author":2,"featured_media":7835,"comment_status":"closed","ping_status":"closed","sticky":false,"template":"","format":"standard","meta":{"footnotes":"","jetpack_publicize_message":"","jetpack_publicize_feature_enabled":true,"jetpack_social_post_already_shared":true,"jetpack_social_options":{"image_generator_settings":{"template":"highway","enabled":false},"version":2}},"categories":[12],"tags":[],"class_list":["post-7834","post","type-post","status-publish","format-standard","has-post-thumbnail","hentry","category-politica"],"jetpack_publicize_connections":[],"_links":{"self":[{"href":"https:\/\/diariorepublica.com.ar\/web\/index.php\/wp-json\/wp\/v2\/posts\/7834"}],"collection":[{"href":"https:\/\/diariorepublica.com.ar\/web\/index.php\/wp-json\/wp\/v2\/posts"}],"about":[{"href":"https:\/\/diariorepublica.com.ar\/web\/index.php\/wp-json\/wp\/v2\/types\/post"}],"author":[{"embeddable":true,"href":"https:\/\/diariorepublica.com.ar\/web\/index.php\/wp-json\/wp\/v2\/users\/2"}],"replies":[{"embeddable":true,"href":"https:\/\/diariorepublica.com.ar\/web\/index.php\/wp-json\/wp\/v2\/comments?post=7834"}],"version-history":[{"count":1,"href":"https:\/\/diariorepublica.com.ar\/web\/index.php\/wp-json\/wp\/v2\/posts\/7834\/revisions"}],"predecessor-version":[{"id":7836,"href":"https:\/\/diariorepublica.com.ar\/web\/index.php\/wp-json\/wp\/v2\/posts\/7834\/revisions\/7836"}],"wp:featuredmedia":[{"embeddable":true,"href":"https:\/\/diariorepublica.com.ar\/web\/index.php\/wp-json\/wp\/v2\/media\/7835"}],"wp:attachment":[{"href":"https:\/\/diariorepublica.com.ar\/web\/index.php\/wp-json\/wp\/v2\/media?parent=7834"}],"wp:term":[{"taxonomy":"category","embeddable":true,"href":"https:\/\/diariorepublica.com.ar\/web\/index.php\/wp-json\/wp\/v2\/categories?post=7834"},{"taxonomy":"post_tag","embeddable":true,"href":"https:\/\/diariorepublica.com.ar\/web\/index.php\/wp-json\/wp\/v2\/tags?post=7834"}],"curies":[{"name":"wp","href":"https:\/\/api.w.org\/{rel}","templated":true}]}}