{"id":7850,"date":"2023-09-26T12:48:53","date_gmt":"2023-09-26T15:48:53","guid":{"rendered":"https:\/\/diariorepublica.com.ar\/web\/?p=7850"},"modified":"2023-09-26T12:48:54","modified_gmt":"2023-09-26T15:48:54","slug":"massa-y-raverta-anuncian-medidas-para-trabajadores-informales","status":"publish","type":"post","link":"https:\/\/diariorepublica.com.ar\/web\/index.php\/economia\/2023\/09\/26\/massa-y-raverta-anuncian-medidas-para-trabajadores-informales\/","title":{"rendered":"Massa y Raverta anuncian medidas para trabajadores informales"},"content":{"rendered":"<article id=\"article-post\" class=\"first\">\n<div class=\"cuerpo\" data-twitter-link=\"https:\/\/twitter.com\/intent\/tweet?url=https:\/\/www.diariopopular.com.ar\/c744176&amp;via=poopulardiario&amp;related=Popular&amp;text=\">\n<p><strong>Sergio Massa<\/strong>, ministro de Econom\u00eda y candidato presidencia de Uni\u00f3n por la Patria (UxP) brindar\u00e1 este mediod\u00eda junto a la directora ejecutiva de la Administraci\u00f3n Nacional de la Seguridad Social (ANSES),\u00a0<strong>Fernanda Raverta<\/strong>, medidas de asistencia para trabajadores informales, tras la devaluaci\u00f3n y la suba de los precios de los \u00faltimos meses.<\/p>\n<\/div>\n<\/article>\n<article id=\"article-post\">\n<div class=\"cuerpo\" data-twitter-link=\"https:\/\/twitter.com\/intent\/tweet?url=https:\/\/www.diariopopular.com.ar\/c744176&amp;via=poopulardiario&amp;related=Popular&amp;text=\">\n<p>Los anuncios se dar\u00e1n a partir de las 13.<\/p>\n<p>El postulante a la presidencia por el oficialismo anticip\u00f3 d\u00edas atr\u00e1s que as\u00ed como sucedi\u00f3 con los trabajadores en relaci\u00f3n de dependencia, los aut\u00f3nomos, los monotributistas y las micro, peque\u00f1as y medianas empresas (mipymes) tambi\u00e9n se tomar\u00edan medidas para aquellos trabajadores que est\u00e1n en la informalidad.<\/p>\n<p>Massa anunci\u00f3 que se atender\u00eda \u00aba aquellos que hoy est\u00e1n por fuera de la econom\u00eda formal, casi tres millones de argentinos que no forman parte de la poblaci\u00f3n formal registrada pero que forman parte de la poblaci\u00f3n econ\u00f3micamente activa\u00bb.<\/p>\n<p>La medida podr\u00eda ser un refuerzo de ingresos para trabajadores informales que no quedaron alcanzados por los anuncios anteriores.<\/p>\n<p>Se conocieron beneficios para monotributistas, aut\u00f3nomos y pymes, se elev\u00f3 el m\u00ednimo no imponible para los trabajadores en relaci\u00f3n de dependencia a $ 1,7 millones y se estableci\u00f3 la devoluci\u00f3n del 21% (Compre sin IVA) para quienes ganen hasta $ 708.000 mensuales, pero tambi\u00e9n para monotributistas, jubilados, pensionados, beneficiarios de la Asignaci\u00f3n Universal por Hijo (AUH) y beneficiarios de la Tarjeta Alimentar y Potenciar Trabajo.<\/p>\n<\/div>\n<\/article>\n","protected":false},"excerpt":{"rendered":"<p>Sergio Massa, ministro de Econom\u00eda y candidato presidencia de Uni\u00f3n por la Patria (UxP) brindar\u00e1 este mediod\u00eda junto a la<\/p>\n","protected":false},"author":1,"featured_media":7851,"comment_status":"closed","ping_status":"closed","sticky":false,"template":"","format":"standard","meta":{"footnotes":"","jetpack_publicize_message":"","jetpack_publicize_feature_enabled":true,"jetpack_social_post_already_shared":true,"jetpack_social_options":{"image_generator_settings":{"template":"highway","enabled":false},"version":2}},"categories":[5],"tags":[],"class_list":["post-7850","post","type-post","status-publish","format-standard","has-post-thumbnail","hentry","category-economia"],"jetpack_publicize_connections":[],"_links":{"self":[{"href":"https:\/\/diariorepublica.com.ar\/web\/index.php\/wp-json\/wp\/v2\/posts\/7850"}],"collection":[{"href":"https:\/\/diariorepublica.com.ar\/web\/index.php\/wp-json\/wp\/v2\/posts"}],"about":[{"href":"https:\/\/diariorepublica.com.ar\/web\/index.php\/wp-json\/wp\/v2\/types\/post"}],"author":[{"embeddable":true,"href":"https:\/\/diariorepublica.com.ar\/web\/index.php\/wp-json\/wp\/v2\/users\/1"}],"replies":[{"embeddable":true,"href":"https:\/\/diariorepublica.com.ar\/web\/index.php\/wp-json\/wp\/v2\/comments?post=7850"}],"version-history":[{"count":1,"href":"https:\/\/diariorepublica.com.ar\/web\/index.php\/wp-json\/wp\/v2\/posts\/7850\/revisions"}],"predecessor-version":[{"id":7852,"href":"https:\/\/diariorepublica.com.ar\/web\/index.php\/wp-json\/wp\/v2\/posts\/7850\/revisions\/7852"}],"wp:featuredmedia":[{"embeddable":true,"href":"https:\/\/diariorepublica.com.ar\/web\/index.php\/wp-json\/wp\/v2\/media\/7851"}],"wp:attachment":[{"href":"https:\/\/diariorepublica.com.ar\/web\/index.php\/wp-json\/wp\/v2\/media?parent=7850"}],"wp:term":[{"taxonomy":"category","embeddable":true,"href":"https:\/\/diariorepublica.com.ar\/web\/index.php\/wp-json\/wp\/v2\/categories?post=7850"},{"taxonomy":"post_tag","embeddable":true,"href":"https:\/\/diariorepublica.com.ar\/web\/index.php\/wp-json\/wp\/v2\/tags?post=7850"}],"curies":[{"name":"wp","href":"https:\/\/api.w.org\/{rel}","templated":true}]}}