{"id":7856,"date":"2023-09-26T12:53:05","date_gmt":"2023-09-26T15:53:05","guid":{"rendered":"https:\/\/diariorepublica.com.ar\/web\/?p=7856"},"modified":"2023-09-26T12:53:06","modified_gmt":"2023-09-26T15:53:06","slug":"comenzaron-los-juegos-culturales-evita-2023-para-jovenes-en-mar-del-plata","status":"publish","type":"post","link":"https:\/\/diariorepublica.com.ar\/web\/index.php\/sociedad\/2023\/09\/26\/comenzaron-los-juegos-culturales-evita-2023-para-jovenes-en-mar-del-plata\/","title":{"rendered":"Comenzaron los Juegos Culturales Evita 2023 para j\u00f3venes en Mar del Plata"},"content":{"rendered":"<p>Los ganadores catamarque\u00f1os de los Juegos Culturales Evita 2023 se encuentran participando de talleres y muestras, en el encuentro nacional para j\u00f3venes de todo el pa\u00eds que se lleva a cabo en Mar del Plata desde el 25 al 30 de septiembre, con el lema \u201cCreciendo en democracia\u201d.<\/p>\n<p>La delegaci\u00f3n conformada por 30 j\u00f3venes y adolescentes catamarque\u00f1os viaj\u00f3 a La Feliz para participar de talleres de formaci\u00f3n, conversatorios y cl\u00ednicas a cargo de expertos; mostrar su talento y compartir experiencias en esta instancia no competitiva que busca promover el trabajo colectivo a trav\u00e9s del arte y la cultura, aportando desde la diversidad y la inclusi\u00f3n a la construcci\u00f3n de la identidad cultural del pa\u00eds.<\/p>\n<p>Ayer lunes 25 de septiembre, participaron de la ceremonia de apertura que se realiz\u00f3 en la Plazoleta Almirante Brown de la ciudad balnearia, que tuvo en el cierre el espect\u00e1culo del d\u00fao de cumbia La T y la M. Hoy por la tarde, comenzar\u00e1n las muestras de danza y teatro en las salas Payr\u00f3 y Piazzlola, del Teatro Auditorium.<\/p>\n<p>La delegaci\u00f3n catamarque\u00f1a est\u00e1 conformada por j\u00f3venes y adolescentes de los departamentos Capital, Pom\u00e1n, Tinogasta, Andalgal\u00e1, Valle Viejo, Los Altos, Santa Rosa, Capay\u00e1n, Santa Mar\u00eda,<br \/>\nEl Alto y La Paz.<\/p>\n<p>Las categor\u00edas y disciplinas en las que participa de las instancias finales son canto solista, freestyle, fotograf\u00eda, pintura y dibujo, cuento, poes\u00eda, videominuto, danza, conjunto musical, teatro grupal, teatro unipersonal e historieta.<\/p>\n","protected":false},"excerpt":{"rendered":"<p>Los ganadores catamarque\u00f1os de los Juegos Culturales Evita 2023 se encuentran participando de talleres y muestras, en el encuentro nacional<\/p>\n","protected":false},"author":1,"featured_media":7857,"comment_status":"closed","ping_status":"closed","sticky":false,"template":"","format":"standard","meta":{"footnotes":"","jetpack_publicize_message":"","jetpack_publicize_feature_enabled":true,"jetpack_social_post_already_shared":true,"jetpack_social_options":{"image_generator_settings":{"template":"highway","enabled":false},"version":2}},"categories":[3],"tags":[],"class_list":["post-7856","post","type-post","status-publish","format-standard","has-post-thumbnail","hentry","category-sociedad"],"jetpack_publicize_connections":[],"_links":{"self":[{"href":"https:\/\/diariorepublica.com.ar\/web\/index.php\/wp-json\/wp\/v2\/posts\/7856"}],"collection":[{"href":"https:\/\/diariorepublica.com.ar\/web\/index.php\/wp-json\/wp\/v2\/posts"}],"about":[{"href":"https:\/\/diariorepublica.com.ar\/web\/index.php\/wp-json\/wp\/v2\/types\/post"}],"author":[{"embeddable":true,"href":"https:\/\/diariorepublica.com.ar\/web\/index.php\/wp-json\/wp\/v2\/users\/1"}],"replies":[{"embeddable":true,"href":"https:\/\/diariorepublica.com.ar\/web\/index.php\/wp-json\/wp\/v2\/comments?post=7856"}],"version-history":[{"count":1,"href":"https:\/\/diariorepublica.com.ar\/web\/index.php\/wp-json\/wp\/v2\/posts\/7856\/revisions"}],"predecessor-version":[{"id":7858,"href":"https:\/\/diariorepublica.com.ar\/web\/index.php\/wp-json\/wp\/v2\/posts\/7856\/revisions\/7858"}],"wp:featuredmedia":[{"embeddable":true,"href":"https:\/\/diariorepublica.com.ar\/web\/index.php\/wp-json\/wp\/v2\/media\/7857"}],"wp:attachment":[{"href":"https:\/\/diariorepublica.com.ar\/web\/index.php\/wp-json\/wp\/v2\/media?parent=7856"}],"wp:term":[{"taxonomy":"category","embeddable":true,"href":"https:\/\/diariorepublica.com.ar\/web\/index.php\/wp-json\/wp\/v2\/categories?post=7856"},{"taxonomy":"post_tag","embeddable":true,"href":"https:\/\/diariorepublica.com.ar\/web\/index.php\/wp-json\/wp\/v2\/tags?post=7856"}],"curies":[{"name":"wp","href":"https:\/\/api.w.org\/{rel}","templated":true}]}}