{"id":7880,"date":"2023-09-27T08:30:05","date_gmt":"2023-09-27T11:30:05","guid":{"rendered":"https:\/\/diariorepublica.com.ar\/web\/?p=7880"},"modified":"2023-09-27T08:30:06","modified_gmt":"2023-09-27T11:30:06","slug":"las-medidas-anunciadas-por-massa-son-parches-paliativos","status":"publish","type":"post","link":"https:\/\/diariorepublica.com.ar\/web\/index.php\/politica\/2023\/09\/27\/las-medidas-anunciadas-por-massa-son-parches-paliativos\/","title":{"rendered":"Las medidas anunciadas por Massa son \u201cparches paliativos\u201d"},"content":{"rendered":"<p>El ex ministro de hacienda de la prov mamerto acu\u00f1a hizo referencias a los ultimos anuncios y medidas dadas a conocer por el titular de la cartera economica nacional Sergio Massa y al respect expres\u00f3<\/p>\n<p>se tratan de \u201cparches paliativos que en nada van a solucionar los problemas de fondo por los que est\u00e1n pasando los trabajadores y de las que van a terminar siendo el \u201cpato de la boda\u201d los sectores m\u00e1s d\u00e9biles y desprotegidos de siempre.\u201d<\/p>\n<p>\u201cSe ha hecho costumbre en el kirchnerismo y su Ministro Candidato disfrazar la realidad con medidas demag\u00f3gicas, escondiendo bajo la alfombra las grav\u00edsimas consecuencias que tiene cada una de ellas para la econom\u00eda de cada ciudadano\u201d<\/p>\n<p>Acu\u00f1a acus\u00f3 al oficialismo con dureza tener una \u201cdesvergonzada desesperaci\u00f3n por captar votos\u201d por la cual, \u00abse dictan Decretos y se env\u00edan al Congreso Proyectos de suba de la base imponible para ganancias, se deja de lado la letra chica, que no es otra cosa que el desfinanciamiento que esa disminuci\u00f3n significa para las provincias. Para paliar semejante locura y tranquilizar a los Gobernadores se compromete a coparticipar impuestos a cr\u00e9ditos y d\u00e9bitos bancarios de un 30%, lo que no es otra cosa que desvestir un santo, para vestir otro\u201d.<\/p>\n<p>Finalmente Acu\u00f1a concluy\u00f3 que \u00abel camino a seguir es otro. La ambici\u00f3n desmedida del Ministro Masa nos conduce a una espiral de medidas que va en contra del bolsillo de la gente. Es desesperante reconocer que son capaces de cualquier cosa para asegurarse la continuidad en el Poder, aun cuando eso signifique hipotecar el futuro de los trabajadores y condenarnos a mayor estancamiento y recesi\u00f3n\u201d<\/p>\n","protected":false},"excerpt":{"rendered":"<p>El ex ministro de hacienda de la prov mamerto acu\u00f1a hizo referencias a los ultimos anuncios y medidas dadas a<\/p>\n","protected":false},"author":2,"featured_media":7896,"comment_status":"closed","ping_status":"closed","sticky":false,"template":"","format":"standard","meta":{"footnotes":"","jetpack_publicize_message":"","jetpack_publicize_feature_enabled":true,"jetpack_social_post_already_shared":true,"jetpack_social_options":{"image_generator_settings":{"template":"highway","enabled":false},"version":2}},"categories":[12],"tags":[],"class_list":["post-7880","post","type-post","status-publish","format-standard","has-post-thumbnail","hentry","category-politica"],"jetpack_publicize_connections":[],"_links":{"self":[{"href":"https:\/\/diariorepublica.com.ar\/web\/index.php\/wp-json\/wp\/v2\/posts\/7880"}],"collection":[{"href":"https:\/\/diariorepublica.com.ar\/web\/index.php\/wp-json\/wp\/v2\/posts"}],"about":[{"href":"https:\/\/diariorepublica.com.ar\/web\/index.php\/wp-json\/wp\/v2\/types\/post"}],"author":[{"embeddable":true,"href":"https:\/\/diariorepublica.com.ar\/web\/index.php\/wp-json\/wp\/v2\/users\/2"}],"replies":[{"embeddable":true,"href":"https:\/\/diariorepublica.com.ar\/web\/index.php\/wp-json\/wp\/v2\/comments?post=7880"}],"version-history":[{"count":1,"href":"https:\/\/diariorepublica.com.ar\/web\/index.php\/wp-json\/wp\/v2\/posts\/7880\/revisions"}],"predecessor-version":[{"id":7897,"href":"https:\/\/diariorepublica.com.ar\/web\/index.php\/wp-json\/wp\/v2\/posts\/7880\/revisions\/7897"}],"wp:featuredmedia":[{"embeddable":true,"href":"https:\/\/diariorepublica.com.ar\/web\/index.php\/wp-json\/wp\/v2\/media\/7896"}],"wp:attachment":[{"href":"https:\/\/diariorepublica.com.ar\/web\/index.php\/wp-json\/wp\/v2\/media?parent=7880"}],"wp:term":[{"taxonomy":"category","embeddable":true,"href":"https:\/\/diariorepublica.com.ar\/web\/index.php\/wp-json\/wp\/v2\/categories?post=7880"},{"taxonomy":"post_tag","embeddable":true,"href":"https:\/\/diariorepublica.com.ar\/web\/index.php\/wp-json\/wp\/v2\/tags?post=7880"}],"curies":[{"name":"wp","href":"https:\/\/api.w.org\/{rel}","templated":true}]}}