{"id":7901,"date":"2023-09-27T08:35:28","date_gmt":"2023-09-27T11:35:28","guid":{"rendered":"https:\/\/diariorepublica.com.ar\/web\/?p=7901"},"modified":"2023-09-27T08:35:29","modified_gmt":"2023-09-27T11:35:29","slug":"nueva-protesta-del-personal-no-medico-del-hisjb","status":"publish","type":"post","link":"https:\/\/diariorepublica.com.ar\/web\/index.php\/sociedad\/2023\/09\/27\/nueva-protesta-del-personal-no-medico-del-hisjb\/","title":{"rendered":"Nueva protesta del personal no medico del HISJB"},"content":{"rendered":"<p>El pedido por equiparaci\u00f3n salarial acorde a los servicios que prestan es un reclamo que se mantiene de parte del personal no m\u00e9dico del Hospital \u201cSan Juan Bautista\u201d. Luego del bocinazo en las afueras de la casa del primer mandatario provincial, esto el pasado martes, los trabajadores no bajan los brazos y anuncian que vuelven a la calle.<\/p>\n<p>Por eso est\u00e1n convocando a una marcha para este jueves, la que tendr\u00e1 como punto de concentraci\u00f3n La Alameda a las 18 hs, para desde all\u00ed marchar hasta Plaza 25 de Mayo. La manifestaci\u00f3n abre una nueva instancia de la protesta, que sostiene el quite de colaboraci\u00f3n desde hace semanas, tiene como origen el desacuerdo por los arreglos gremiales, que los trabajadores sanitaristas sostienen han ido en desmedro de las categor\u00edas m\u00e1s bajas del escalaf\u00f3n sanitario. Es all\u00ed donde marcan que quienes mejor quedaron es el plantel m\u00e9dico, que a sus salarios suma el otorgamiento de guardias, beneficio que el resto del personal del hospital no obtiene.<\/p>\n<p>En el medio, se mantiene la denuncia de acoso contra la directora asistencial del nosocomio capitalino, Dra. Yanina V\u00e1zquez, a quien el personal no m\u00e9dico apunta por malos tratos y por eso elevaron nota al Ministerio de Salud solicitando su remoci\u00f3n por \u201cacoso, hostigamiento y persecuci\u00f3n\u201d.<\/p>\n","protected":false},"excerpt":{"rendered":"<p>El pedido por equiparaci\u00f3n salarial acorde a los servicios que prestan es un reclamo que se mantiene de parte del<\/p>\n","protected":false},"author":2,"featured_media":7902,"comment_status":"closed","ping_status":"closed","sticky":false,"template":"","format":"standard","meta":{"footnotes":"","jetpack_publicize_message":"","jetpack_publicize_feature_enabled":true,"jetpack_social_post_already_shared":true,"jetpack_social_options":{"image_generator_settings":{"template":"highway","enabled":false},"version":2}},"categories":[3],"tags":[],"class_list":["post-7901","post","type-post","status-publish","format-standard","has-post-thumbnail","hentry","category-sociedad"],"jetpack_publicize_connections":[],"_links":{"self":[{"href":"https:\/\/diariorepublica.com.ar\/web\/index.php\/wp-json\/wp\/v2\/posts\/7901"}],"collection":[{"href":"https:\/\/diariorepublica.com.ar\/web\/index.php\/wp-json\/wp\/v2\/posts"}],"about":[{"href":"https:\/\/diariorepublica.com.ar\/web\/index.php\/wp-json\/wp\/v2\/types\/post"}],"author":[{"embeddable":true,"href":"https:\/\/diariorepublica.com.ar\/web\/index.php\/wp-json\/wp\/v2\/users\/2"}],"replies":[{"embeddable":true,"href":"https:\/\/diariorepublica.com.ar\/web\/index.php\/wp-json\/wp\/v2\/comments?post=7901"}],"version-history":[{"count":1,"href":"https:\/\/diariorepublica.com.ar\/web\/index.php\/wp-json\/wp\/v2\/posts\/7901\/revisions"}],"predecessor-version":[{"id":7903,"href":"https:\/\/diariorepublica.com.ar\/web\/index.php\/wp-json\/wp\/v2\/posts\/7901\/revisions\/7903"}],"wp:featuredmedia":[{"embeddable":true,"href":"https:\/\/diariorepublica.com.ar\/web\/index.php\/wp-json\/wp\/v2\/media\/7902"}],"wp:attachment":[{"href":"https:\/\/diariorepublica.com.ar\/web\/index.php\/wp-json\/wp\/v2\/media?parent=7901"}],"wp:term":[{"taxonomy":"category","embeddable":true,"href":"https:\/\/diariorepublica.com.ar\/web\/index.php\/wp-json\/wp\/v2\/categories?post=7901"},{"taxonomy":"post_tag","embeddable":true,"href":"https:\/\/diariorepublica.com.ar\/web\/index.php\/wp-json\/wp\/v2\/tags?post=7901"}],"curies":[{"name":"wp","href":"https:\/\/api.w.org\/{rel}","templated":true}]}}