{"id":7904,"date":"2023-09-27T08:41:51","date_gmt":"2023-09-27T11:41:51","guid":{"rendered":"https:\/\/diariorepublica.com.ar\/web\/?p=7904"},"modified":"2023-09-27T08:41:53","modified_gmt":"2023-09-27T11:41:53","slug":"siniestro-vial-en-ruta-nac-60-en-tinogasta","status":"publish","type":"post","link":"https:\/\/diariorepublica.com.ar\/web\/index.php\/policiales\/2023\/09\/27\/siniestro-vial-en-ruta-nac-60-en-tinogasta\/","title":{"rendered":"Siniestro vial en Ruta Nac 60 en Tinogasta"},"content":{"rendered":"<p>En la jornada de hoy se produjo un siniestro vial por Ruta Nacional 60, a la altura del kil\u00f3metro 1.354, entre Tinogasta y el R\u00edo La Troya. En el lugar se produjo el vuelco de un veh\u00edculo<\/p>\n<p>Personal policial y peritos trabajan en el lugar. El tr\u00e1nsito se encuentra restringido parcialmente, permiti\u00e9ndose el paso por banquinas.<\/p>\n","protected":false},"excerpt":{"rendered":"<p>En la jornada de hoy se produjo un siniestro vial por Ruta Nacional 60, a la altura del kil\u00f3metro 1.354,<\/p>\n","protected":false},"author":2,"featured_media":7905,"comment_status":"closed","ping_status":"closed","sticky":false,"template":"","format":"standard","meta":{"footnotes":"","jetpack_publicize_message":"","jetpack_publicize_feature_enabled":true,"jetpack_social_post_already_shared":true,"jetpack_social_options":{"image_generator_settings":{"template":"highway","enabled":false},"version":2}},"categories":[8],"tags":[],"class_list":["post-7904","post","type-post","status-publish","format-standard","has-post-thumbnail","hentry","category-policiales"],"jetpack_publicize_connections":[],"_links":{"self":[{"href":"https:\/\/diariorepublica.com.ar\/web\/index.php\/wp-json\/wp\/v2\/posts\/7904"}],"collection":[{"href":"https:\/\/diariorepublica.com.ar\/web\/index.php\/wp-json\/wp\/v2\/posts"}],"about":[{"href":"https:\/\/diariorepublica.com.ar\/web\/index.php\/wp-json\/wp\/v2\/types\/post"}],"author":[{"embeddable":true,"href":"https:\/\/diariorepublica.com.ar\/web\/index.php\/wp-json\/wp\/v2\/users\/2"}],"replies":[{"embeddable":true,"href":"https:\/\/diariorepublica.com.ar\/web\/index.php\/wp-json\/wp\/v2\/comments?post=7904"}],"version-history":[{"count":1,"href":"https:\/\/diariorepublica.com.ar\/web\/index.php\/wp-json\/wp\/v2\/posts\/7904\/revisions"}],"predecessor-version":[{"id":7906,"href":"https:\/\/diariorepublica.com.ar\/web\/index.php\/wp-json\/wp\/v2\/posts\/7904\/revisions\/7906"}],"wp:featuredmedia":[{"embeddable":true,"href":"https:\/\/diariorepublica.com.ar\/web\/index.php\/wp-json\/wp\/v2\/media\/7905"}],"wp:attachment":[{"href":"https:\/\/diariorepublica.com.ar\/web\/index.php\/wp-json\/wp\/v2\/media?parent=7904"}],"wp:term":[{"taxonomy":"category","embeddable":true,"href":"https:\/\/diariorepublica.com.ar\/web\/index.php\/wp-json\/wp\/v2\/categories?post=7904"},{"taxonomy":"post_tag","embeddable":true,"href":"https:\/\/diariorepublica.com.ar\/web\/index.php\/wp-json\/wp\/v2\/tags?post=7904"}],"curies":[{"name":"wp","href":"https:\/\/api.w.org\/{rel}","templated":true}]}}