{"id":7907,"date":"2023-09-27T08:44:19","date_gmt":"2023-09-27T11:44:19","guid":{"rendered":"https:\/\/diariorepublica.com.ar\/web\/?p=7907"},"modified":"2023-09-27T08:44:21","modified_gmt":"2023-09-27T11:44:21","slug":"lo-que-pide-el-soem-no-se-corresponde-con-los-indices-inflacionarios","status":"publish","type":"post","link":"https:\/\/diariorepublica.com.ar\/web\/index.php\/politica\/2023\/09\/27\/lo-que-pide-el-soem-no-se-corresponde-con-los-indices-inflacionarios\/","title":{"rendered":"\u00abLo que pide el SOEM no se corresponde con los indices inflacionarios\u00bb"},"content":{"rendered":"<p>El intendente Gustavo Saadi se refiri\u00f3 al pedido de aumento salarial solicitado por el SOEM, que requiri\u00f3 un incremento del 50% para los pr\u00f3ximos dos meses.\u00a0 Consider\u00f3 que es \u201cno se corresponde con los \u00edndices inflacionarios\u201d y afirm\u00f3: \u201cNosotros estamos abiertos al di\u00e1logo\u201d.<\/p>\n<p>\u201cEl compromiso que siempre hicimos del municipio es que todos los aumentos van a estar siempre por encima de los \u00edndices inflacionarios. Al mes de hoy el trabajador municipal tiene un 20 por ciento arriba de la inflaci\u00f3n, la inflaci\u00f3n fue un 80 por y nosotros vamos dando un cien por ciento\u201d, explic\u00f3 Saadi.<\/p>\n<p>Por \u00faltimo, expres\u00f3: \u201cHay que sentarse con mucha claridad con los n\u00fameros en la mano y el compromiso de que el trabajador y las trabajadoras municipales siempre van a cobrar un aumento por encima de la inflaci\u00f3n eso lo vamos a cumplir a rajatabla\u201d.<\/p>\n","protected":false},"excerpt":{"rendered":"<p>El intendente Gustavo Saadi se refiri\u00f3 al pedido de aumento salarial solicitado por el SOEM, que requiri\u00f3 un incremento del<\/p>\n","protected":false},"author":2,"featured_media":7908,"comment_status":"closed","ping_status":"closed","sticky":false,"template":"","format":"standard","meta":{"footnotes":"","jetpack_publicize_message":"","jetpack_publicize_feature_enabled":true,"jetpack_social_post_already_shared":true,"jetpack_social_options":{"image_generator_settings":{"template":"highway","enabled":false},"version":2}},"categories":[12],"tags":[],"class_list":["post-7907","post","type-post","status-publish","format-standard","has-post-thumbnail","hentry","category-politica"],"jetpack_publicize_connections":[],"_links":{"self":[{"href":"https:\/\/diariorepublica.com.ar\/web\/index.php\/wp-json\/wp\/v2\/posts\/7907"}],"collection":[{"href":"https:\/\/diariorepublica.com.ar\/web\/index.php\/wp-json\/wp\/v2\/posts"}],"about":[{"href":"https:\/\/diariorepublica.com.ar\/web\/index.php\/wp-json\/wp\/v2\/types\/post"}],"author":[{"embeddable":true,"href":"https:\/\/diariorepublica.com.ar\/web\/index.php\/wp-json\/wp\/v2\/users\/2"}],"replies":[{"embeddable":true,"href":"https:\/\/diariorepublica.com.ar\/web\/index.php\/wp-json\/wp\/v2\/comments?post=7907"}],"version-history":[{"count":1,"href":"https:\/\/diariorepublica.com.ar\/web\/index.php\/wp-json\/wp\/v2\/posts\/7907\/revisions"}],"predecessor-version":[{"id":7909,"href":"https:\/\/diariorepublica.com.ar\/web\/index.php\/wp-json\/wp\/v2\/posts\/7907\/revisions\/7909"}],"wp:featuredmedia":[{"embeddable":true,"href":"https:\/\/diariorepublica.com.ar\/web\/index.php\/wp-json\/wp\/v2\/media\/7908"}],"wp:attachment":[{"href":"https:\/\/diariorepublica.com.ar\/web\/index.php\/wp-json\/wp\/v2\/media?parent=7907"}],"wp:term":[{"taxonomy":"category","embeddable":true,"href":"https:\/\/diariorepublica.com.ar\/web\/index.php\/wp-json\/wp\/v2\/categories?post=7907"},{"taxonomy":"post_tag","embeddable":true,"href":"https:\/\/diariorepublica.com.ar\/web\/index.php\/wp-json\/wp\/v2\/tags?post=7907"}],"curies":[{"name":"wp","href":"https:\/\/api.w.org\/{rel}","templated":true}]}}