{"id":7964,"date":"2023-09-28T17:28:14","date_gmt":"2023-09-28T20:28:14","guid":{"rendered":"https:\/\/diariorepublica.com.ar\/web\/?p=7964"},"modified":"2023-09-28T17:28:16","modified_gmt":"2023-09-28T20:28:16","slug":"dusso-ahora-tenemos-una-provincia-mucho-mas-y-mejor-conectada","status":"publish","type":"post","link":"https:\/\/diariorepublica.com.ar\/web\/index.php\/locales\/2023\/09\/28\/dusso-ahora-tenemos-una-provincia-mucho-mas-y-mejor-conectada\/","title":{"rendered":"<strong>Dusso: \u201cAhora tenemos una provincia mucho m\u00e1s y mejor conectada\u201d<\/strong>"},"content":{"rendered":"<p style=\"font-weight: 400;\">En v\u00edsperas del D\u00eda del Empleado vial y el D\u00eda del Camino, 4 y 5 de octubre, el vicegobernador Rub\u00e9n Dusso se reuni\u00f3 en la sede provincial de Vialidad junto a Patr\u00edcio Garc\u00eda, Gerente de Regiones de Vialidad Nacional, quien visit\u00f3 la obra de la Ruta 48, que formar\u00e1 parte del Corredor Bioce\u00e1nico Ferroviario por el Paso de San Francisco, as\u00ed como hicieron un balance de gesti\u00f3n de las obras que est\u00e1 llevando a cabo el organismo.<\/p>\n<p style=\"font-weight: 400;\">\n<p style=\"font-weight: 400;\">El vicegobernador Dusso expres\u00f3 en la reuni\u00f3n, donde tambi\u00e9n particip\u00f3 el Ing. Ren\u00e9 Arag\u00f3n, administrador en la Provincia de Vialidad Nacional: \u201cComo catamarque\u00f1o estoy muy feliz de lo que est\u00e1 ocurriendo en esta \u00e9poca con todo el trabajo vial que se viene realizando. Se estuvo recorriendo la ruta 65; hace m\u00e1s de 100 a\u00f1os que la sociedad del oeste ped\u00eda un camino de Andalgal\u00e1 a Aconquija y de Aconquija a Concepci\u00f3n, as\u00ed como tambi\u00e9n se gestionan la ruta 157, la 7, la 2, la 42, los puentes, etc. Todo esto brinda el resultado de tener ahora una provincia mucho m\u00e1s y mejor conectada, hecho que le dar\u00e1 mucha m\u00e1s competitividad a nuestros productos, ya que los fletes se encarecen cuando deben recorrer mayores distancias. Esa es la competitividad que estamos necesitando para nuestra producci\u00f3n catamarque\u00f1a, buscando siempre que en el pueblo haya mejor calidad de vida\u201d.<\/p>\n<p style=\"font-weight: 400;\">\n<p style=\"font-weight: 400;\">Garc\u00eda, que por su parte agradeci\u00f3 a la gesti\u00f3n de Jalil y Dusso, remarc\u00f3 que \u201cen estos tres a\u00f1os de gesti\u00f3n pudimos rescatar a Vialidad Nacional del abandono que hab\u00eda tenido con el gobierno de Macri, y pudimos trabajar con los 24 distritos viales, haciendo un proceso de reequipamiento; una inversi\u00f3n millonaria por parte del Estado nacional que hac\u00eda mucho tiempo que no se llevaba adelante, para que nuestros trabajadores y trabajadoras est\u00e9n con los elementos necesarios y podamos brindar el servicio de conectar a la Argentina\u201d.<\/p>\n","protected":false},"excerpt":{"rendered":"<p>En v\u00edsperas del D\u00eda del Empleado vial y el D\u00eda del Camino, 4 y 5 de octubre, el vicegobernador Rub\u00e9n<\/p>\n","protected":false},"author":1,"featured_media":7965,"comment_status":"closed","ping_status":"closed","sticky":false,"template":"","format":"standard","meta":{"footnotes":"","jetpack_publicize_message":"","jetpack_publicize_feature_enabled":true,"jetpack_social_post_already_shared":true,"jetpack_social_options":{"image_generator_settings":{"template":"highway","enabled":false},"version":2}},"categories":[2],"tags":[],"class_list":["post-7964","post","type-post","status-publish","format-standard","has-post-thumbnail","hentry","category-locales"],"jetpack_publicize_connections":[],"_links":{"self":[{"href":"https:\/\/diariorepublica.com.ar\/web\/index.php\/wp-json\/wp\/v2\/posts\/7964"}],"collection":[{"href":"https:\/\/diariorepublica.com.ar\/web\/index.php\/wp-json\/wp\/v2\/posts"}],"about":[{"href":"https:\/\/diariorepublica.com.ar\/web\/index.php\/wp-json\/wp\/v2\/types\/post"}],"author":[{"embeddable":true,"href":"https:\/\/diariorepublica.com.ar\/web\/index.php\/wp-json\/wp\/v2\/users\/1"}],"replies":[{"embeddable":true,"href":"https:\/\/diariorepublica.com.ar\/web\/index.php\/wp-json\/wp\/v2\/comments?post=7964"}],"version-history":[{"count":1,"href":"https:\/\/diariorepublica.com.ar\/web\/index.php\/wp-json\/wp\/v2\/posts\/7964\/revisions"}],"predecessor-version":[{"id":7966,"href":"https:\/\/diariorepublica.com.ar\/web\/index.php\/wp-json\/wp\/v2\/posts\/7964\/revisions\/7966"}],"wp:featuredmedia":[{"embeddable":true,"href":"https:\/\/diariorepublica.com.ar\/web\/index.php\/wp-json\/wp\/v2\/media\/7965"}],"wp:attachment":[{"href":"https:\/\/diariorepublica.com.ar\/web\/index.php\/wp-json\/wp\/v2\/media?parent=7964"}],"wp:term":[{"taxonomy":"category","embeddable":true,"href":"https:\/\/diariorepublica.com.ar\/web\/index.php\/wp-json\/wp\/v2\/categories?post=7964"},{"taxonomy":"post_tag","embeddable":true,"href":"https:\/\/diariorepublica.com.ar\/web\/index.php\/wp-json\/wp\/v2\/tags?post=7964"}],"curies":[{"name":"wp","href":"https:\/\/api.w.org\/{rel}","templated":true}]}}