{"id":7979,"date":"2023-09-29T05:45:00","date_gmt":"2023-09-29T08:45:00","guid":{"rendered":"https:\/\/diariorepublica.com.ar\/web\/?p=7979"},"modified":"2023-09-29T07:46:44","modified_gmt":"2023-09-29T10:46:44","slug":"el-senado-convirtio-en-ley-las-modificaciones-al-impuesto-a-las-ganancias","status":"publish","type":"post","link":"https:\/\/diariorepublica.com.ar\/web\/index.php\/nacionales\/2023\/09\/29\/el-senado-convirtio-en-ley-las-modificaciones-al-impuesto-a-las-ganancias\/","title":{"rendered":"El Senado convirti\u00f3 en ley las modificaciones al Impuesto a las Ganancias"},"content":{"rendered":"<article class=\"article-body article-body--first-paragraph content-protected-false\" data-td-script-src=\"https:\/\/www.ambito.com\/td\/modulos\/encuestas\/js\/function-embeds-min-version-1660312092.js\">El\u00a0<strong>Senado de la Naci\u00f3n<\/strong>\u00a0convirti\u00f3 en ley la eliminaci\u00f3n de la cuarta categor\u00eda del Impuesto a las\u00a0<strong>Ganancias<\/strong>, un proyecto impulsado por el Ministro de Econom\u00eda, Sergio Massa,\u00a0<strong>con 38 votos a favor y 27, en contra<\/strong>.<\/p>\n<\/article>\n<article class=\"article-body article-body--second-paragraph content-protected-false\">La iniciativa recibi\u00f3 el apoyo del\u00a0<strong>oficialismo<\/strong>\u00a0y del\u00a0<strong>bloque Unidad Federal<\/strong>, que responde a espacios provincialistas, y el rechazo de\u00a0<strong>Juntos por el Cambio<\/strong>, que al igual que en el debate en la C\u00e1mara baja la consider\u00f3 que se trata de una medida \u201celectoralista\u201d.<\/p>\n<article class=\"article-body article-body--third-paragraph content-protected-false\">La primera plana del sindicalismo sigui\u00f3 el cierre de la sesi\u00f3n desde los palcos del Senado. Estuvieron presentes\u00a0<strong>Sergio Palazzo,<\/strong>\u00a0titular de la Bancaria;\u00a0<strong>Pablo Moyano<\/strong>, de Camioneros y\u00a0<strong>Omar Plaini,<\/strong>\u00a0del sindicato de Canillitas, entre otros.<\/p>\n<\/article>\n<article class=\"article-body article-body--fourth-paragraph content-protected-false\">La reforma de Ganancias se centra en\u00a0<strong>la modificaci\u00f3n de la cuarta categor\u00eda, un universo integrado actualmente por 80.000 trabajadores<\/strong>. Es decir, el tributo cambiar\u00e1 de nomenclatura por la de Impuesto a los\u00a0<strong>\u00abMayores Ingresos\u00bb\u00a0<\/strong>y ser\u00e1 abonado \u00fanicamente por quienes obtengan ingresos mensuales superiores al nuevo piso del tributo, el cual fue fijado en\u00a0<strong>$1.770.000.<\/strong><\/p>\n<\/article>\n<article class=\"article-body article-body--remaining-paragraph content-protected-false\">A trav\u00e9s de la iniciativa se busca que el impuesto recaiga, \u00fanicamente,\u00a0<strong>\u00absobre los mayores ingresos en relaci\u00f3n de dependencia y por las otras rentas aludidas\u00bb.<\/strong><\/p>\n<p>La determinaci\u00f3n del impuesto se efect\u00faa de acuerdo con el siguiente mecanismo: se considera, al comienzo del per\u00edodo fiscal, el valor del Salario M\u00ednimo, Vital y M\u00f3vil (SMVM) vigente el 1\u00b0 de enero de ese a\u00f1o, el que se actualizar\u00e1 el 1\u00b0 de julio de cada a\u00f1o fiscal, considerando el valor del SMVM vigente a esa nueva fecha.<\/p>\n<\/article>\n<\/article>\n","protected":false},"excerpt":{"rendered":"<p>El\u00a0Senado de la Naci\u00f3n\u00a0convirti\u00f3 en ley la eliminaci\u00f3n de la cuarta categor\u00eda del Impuesto a las\u00a0Ganancias, un proyecto impulsado por<\/p>\n","protected":false},"author":1,"featured_media":7980,"comment_status":"closed","ping_status":"closed","sticky":false,"template":"","format":"standard","meta":{"footnotes":"","jetpack_publicize_message":"","jetpack_publicize_feature_enabled":true,"jetpack_social_post_already_shared":true,"jetpack_social_options":{"image_generator_settings":{"template":"highway","enabled":false},"version":2}},"categories":[4],"tags":[],"class_list":["post-7979","post","type-post","status-publish","format-standard","has-post-thumbnail","hentry","category-nacionales"],"jetpack_publicize_connections":[],"_links":{"self":[{"href":"https:\/\/diariorepublica.com.ar\/web\/index.php\/wp-json\/wp\/v2\/posts\/7979"}],"collection":[{"href":"https:\/\/diariorepublica.com.ar\/web\/index.php\/wp-json\/wp\/v2\/posts"}],"about":[{"href":"https:\/\/diariorepublica.com.ar\/web\/index.php\/wp-json\/wp\/v2\/types\/post"}],"author":[{"embeddable":true,"href":"https:\/\/diariorepublica.com.ar\/web\/index.php\/wp-json\/wp\/v2\/users\/1"}],"replies":[{"embeddable":true,"href":"https:\/\/diariorepublica.com.ar\/web\/index.php\/wp-json\/wp\/v2\/comments?post=7979"}],"version-history":[{"count":1,"href":"https:\/\/diariorepublica.com.ar\/web\/index.php\/wp-json\/wp\/v2\/posts\/7979\/revisions"}],"predecessor-version":[{"id":7981,"href":"https:\/\/diariorepublica.com.ar\/web\/index.php\/wp-json\/wp\/v2\/posts\/7979\/revisions\/7981"}],"wp:featuredmedia":[{"embeddable":true,"href":"https:\/\/diariorepublica.com.ar\/web\/index.php\/wp-json\/wp\/v2\/media\/7980"}],"wp:attachment":[{"href":"https:\/\/diariorepublica.com.ar\/web\/index.php\/wp-json\/wp\/v2\/media?parent=7979"}],"wp:term":[{"taxonomy":"category","embeddable":true,"href":"https:\/\/diariorepublica.com.ar\/web\/index.php\/wp-json\/wp\/v2\/categories?post=7979"},{"taxonomy":"post_tag","embeddable":true,"href":"https:\/\/diariorepublica.com.ar\/web\/index.php\/wp-json\/wp\/v2\/tags?post=7979"}],"curies":[{"name":"wp","href":"https:\/\/api.w.org\/{rel}","templated":true}]}}