{"id":7982,"date":"2023-09-29T08:00:08","date_gmt":"2023-09-29T11:00:08","guid":{"rendered":"https:\/\/diariorepublica.com.ar\/web\/?p=7982"},"modified":"2023-09-29T08:00:10","modified_gmt":"2023-09-29T11:00:10","slug":"guillermo-francella-participo-del-videoclip-en-el-que-bizarrap-anuncio-su-proxima-colaboracion","status":"publish","type":"post","link":"https:\/\/diariorepublica.com.ar\/web\/index.php\/espectaculos\/2023\/09\/29\/guillermo-francella-participo-del-videoclip-en-el-que-bizarrap-anuncio-su-proxima-colaboracion\/","title":{"rendered":"Guillermo Francella particip\u00f3 del videoclip en el que Bizarrap anunci\u00f3 su pr\u00f3xima colaboraci\u00f3n"},"content":{"rendered":"<article class=\"article-body first\">\n<div class=\"article-content\">\n<div class=\"news-body-paragraph\">\n<p>En esta oportunidad, y como ya es habitual,<strong><a href=\"https:\/\/www.a24.com\/primiciasya\/las-fotos-la-lujosa-fiesta-cumpleanos-bizarrap-un-yate-n1203052\" target=\"_blank\" rel=\"follow noopener\">\u00a0Bizarrap\u00a0<\/a><\/strong>sorprende con un cortometraje con la estelar actuaci\u00f3n de\u00a0<strong>Guillermo Francella<\/strong>\u00a0y la participaci\u00f3n de Gast\u00f3n Cocchiarale, adem\u00e1s de \u00e9l mismo.<\/p>\n<\/div>\n<\/div>\n<\/article>\n<article class=\"article-body\">\n<div class=\"article-content\">\n<div class=\"news-body-paragraph\">\n<p>El trailer dirigido por Jaime James (Louta) desarrolla el concepto detr\u00e1s del cambio de nombre de Bizarrap a Bizapop, que realiz\u00f3 los d\u00edas previos a este lanzamiento en su instagram oficial, manteniendo en conversaci\u00f3n a sus millones de seguidores alrededor del mundo sacando teor\u00edas de que tratar\u00eda el nuevo mensaje oculto.<\/p>\n<\/div>\n<\/div>\n<\/article>\n<article class=\"article-body third-p\">\n<div class=\"article-content\">\n<div class=\"news-body-paragraph\">\n<p>La pieza audiovisual, de m\u00e1s de 8 minutos, encuentra a \u201cBiza\u201d reflexionando a cu\u00e1l de los universos internos debe escuchar el artista en un momento de gran auge en su carrera.<\/p>\n<p>Dejando en claro que la innovaci\u00f3n es una de sus m\u00e1s destacadas herramientas, Bizarrap anuncia as\u00ed su pr\u00f3xima BZRP MUSIC SESSIONS, la n\u00famero 57. A\u00fan queda por conocer qui\u00e9n ser\u00e1 el o la artista protagonista de la nueva BZRP Music Sessions.<\/p>\n<p>\u00a0<\/p>\n<\/div>\n<\/div>\n<\/article>\n<div class=\"section-free-text\">\n<p>\u00a0 \u00a0 \u00a0<\/p>\n<\/div>\n\n\n<figure class=\"wp-block-embed is-type-video is-provider-youtube wp-block-embed-youtube wp-embed-aspect-16-9 wp-has-aspect-ratio\"><div class=\"wp-block-embed__wrapper\">\n<iframe loading=\"lazy\" title=\"BIZAPOP\" width=\"800\" height=\"450\" src=\"https:\/\/www.youtube.com\/embed\/gZhAuUTndEQ?start=87&#038;feature=oembed\" frameborder=\"0\" allow=\"accelerometer; autoplay; clipboard-write; encrypted-media; gyroscope; picture-in-picture; web-share\" allowfullscreen><\/iframe>\n<\/div><\/figure>\n","protected":false},"excerpt":{"rendered":"<p>En esta oportunidad, y como ya es habitual,\u00a0Bizarrap\u00a0sorprende con un cortometraje con la estelar actuaci\u00f3n de\u00a0Guillermo Francella\u00a0y la participaci\u00f3n de<\/p>\n","protected":false},"author":1,"featured_media":7983,"comment_status":"closed","ping_status":"closed","sticky":false,"template":"","format":"standard","meta":{"footnotes":"","jetpack_publicize_message":"","jetpack_publicize_feature_enabled":true,"jetpack_social_post_already_shared":true,"jetpack_social_options":{"image_generator_settings":{"template":"highway","enabled":false},"version":2}},"categories":[7],"tags":[],"class_list":["post-7982","post","type-post","status-publish","format-standard","has-post-thumbnail","hentry","category-espectaculos"],"jetpack_publicize_connections":[],"_links":{"self":[{"href":"https:\/\/diariorepublica.com.ar\/web\/index.php\/wp-json\/wp\/v2\/posts\/7982"}],"collection":[{"href":"https:\/\/diariorepublica.com.ar\/web\/index.php\/wp-json\/wp\/v2\/posts"}],"about":[{"href":"https:\/\/diariorepublica.com.ar\/web\/index.php\/wp-json\/wp\/v2\/types\/post"}],"author":[{"embeddable":true,"href":"https:\/\/diariorepublica.com.ar\/web\/index.php\/wp-json\/wp\/v2\/users\/1"}],"replies":[{"embeddable":true,"href":"https:\/\/diariorepublica.com.ar\/web\/index.php\/wp-json\/wp\/v2\/comments?post=7982"}],"version-history":[{"count":1,"href":"https:\/\/diariorepublica.com.ar\/web\/index.php\/wp-json\/wp\/v2\/posts\/7982\/revisions"}],"predecessor-version":[{"id":7984,"href":"https:\/\/diariorepublica.com.ar\/web\/index.php\/wp-json\/wp\/v2\/posts\/7982\/revisions\/7984"}],"wp:featuredmedia":[{"embeddable":true,"href":"https:\/\/diariorepublica.com.ar\/web\/index.php\/wp-json\/wp\/v2\/media\/7983"}],"wp:attachment":[{"href":"https:\/\/diariorepublica.com.ar\/web\/index.php\/wp-json\/wp\/v2\/media?parent=7982"}],"wp:term":[{"taxonomy":"category","embeddable":true,"href":"https:\/\/diariorepublica.com.ar\/web\/index.php\/wp-json\/wp\/v2\/categories?post=7982"},{"taxonomy":"post_tag","embeddable":true,"href":"https:\/\/diariorepublica.com.ar\/web\/index.php\/wp-json\/wp\/v2\/tags?post=7982"}],"curies":[{"name":"wp","href":"https:\/\/api.w.org\/{rel}","templated":true}]}}