{"id":8013,"date":"2023-09-30T19:26:45","date_gmt":"2023-09-30T22:26:45","guid":{"rendered":"https:\/\/diariorepublica.com.ar\/web\/?p=8013"},"modified":"2023-09-30T19:26:47","modified_gmt":"2023-09-30T22:26:47","slug":"formacion-de-boca-para-el-superclasico-de-la-copa-de-la-liga","status":"publish","type":"post","link":"https:\/\/diariorepublica.com.ar\/web\/index.php\/deportes\/2023\/09\/30\/formacion-de-boca-para-el-superclasico-de-la-copa-de-la-liga\/","title":{"rendered":"Formaci\u00f3n de  Boca para el Supercl\u00e1sico de la Copa de la Liga"},"content":{"rendered":"<p>Este domingo 1\u00b0 de octubre,\u00a0<b>Boca y River jugar\u00e1n una nueva edici\u00f3n del Supercl\u00e1sico\u00a0<\/b>del f\u00fatbol argentino. Ser\u00e1 en La Bombonera, con transmisi\u00f3n de\u00a0<i><b>TNT Sports<\/b><\/i>\u00a0y arbitraje de Andr\u00e9s Merlos.<\/p>\n<p class=\"font--primary\">El equipo titular de Boca que se perfila para recibir a River en la Bombonera por la Copa de la Liga<\/p>\n<ul class=\"ul__list list\">\n<li class=\"list__item\"><b>Arquero:\u00a0<\/b>Romero<\/li>\n<li class=\"list__item\"><b>Defensores:\u00a0<\/b>Blondel, Valdez, Valentini, Saracchi<\/li>\n<li class=\"list__item\"><b>Mediocampistas:\u00a0<\/b>Bullaude, Campuzano, Ram\u00edrez<\/li>\n<li class=\"list__item\"><b>Delanteros:\u00a0<\/b>Zeballos, Benedetto, Janson.<\/li>\n<\/ul>\n<p class=\"font--primary\">Los convocados de Jorge Almir\u00f3n para el Supercl\u00e1sico<\/p>\n<p class=\"paragraph\">La lista est\u00e1 compuesta por los arqueros Sergio Romero y Javier Garc\u00eda; los defensores Marcelo Weigandt, Lucas Blondel ,Luis Adv\u00edncula, Nicol\u00e1s Figal, Marcos Rojo, Nicol\u00e1s Valentini, Bruno Valdez, Facundo Roncaglia, Marcelo Saracchi y Frank Fabra.<\/p>\n<p class=\"paragraph\">Los mediocampistas Jorman Campuzano, Juan Ramirez, Guillermo \u201cPol\u201d Fern\u00e1ndez, Ezequiel Fern\u00e1ndez, Valent\u00edn Barco, Cristian Medina y Ezequiel Bullaude.<\/p>\n<p class=\"paragraph\">Y los delanteros Lucas Janson, Exequiel Zeballos, Dar\u00edo Benedetto, Miguel Merentiel y Edinson Cavani.<\/p>\n","protected":false},"excerpt":{"rendered":"<p>Este domingo 1\u00b0 de octubre,\u00a0Boca y River jugar\u00e1n una nueva edici\u00f3n del Supercl\u00e1sico\u00a0del f\u00fatbol argentino. Ser\u00e1 en La Bombonera, con<\/p>\n","protected":false},"author":1,"featured_media":8014,"comment_status":"closed","ping_status":"closed","sticky":false,"template":"","format":"standard","meta":{"footnotes":"","jetpack_publicize_message":"","jetpack_publicize_feature_enabled":true,"jetpack_social_post_already_shared":true,"jetpack_social_options":{"image_generator_settings":{"template":"highway","enabled":false},"version":2}},"categories":[9],"tags":[],"class_list":["post-8013","post","type-post","status-publish","format-standard","has-post-thumbnail","hentry","category-deportes"],"jetpack_publicize_connections":[],"_links":{"self":[{"href":"https:\/\/diariorepublica.com.ar\/web\/index.php\/wp-json\/wp\/v2\/posts\/8013"}],"collection":[{"href":"https:\/\/diariorepublica.com.ar\/web\/index.php\/wp-json\/wp\/v2\/posts"}],"about":[{"href":"https:\/\/diariorepublica.com.ar\/web\/index.php\/wp-json\/wp\/v2\/types\/post"}],"author":[{"embeddable":true,"href":"https:\/\/diariorepublica.com.ar\/web\/index.php\/wp-json\/wp\/v2\/users\/1"}],"replies":[{"embeddable":true,"href":"https:\/\/diariorepublica.com.ar\/web\/index.php\/wp-json\/wp\/v2\/comments?post=8013"}],"version-history":[{"count":1,"href":"https:\/\/diariorepublica.com.ar\/web\/index.php\/wp-json\/wp\/v2\/posts\/8013\/revisions"}],"predecessor-version":[{"id":8015,"href":"https:\/\/diariorepublica.com.ar\/web\/index.php\/wp-json\/wp\/v2\/posts\/8013\/revisions\/8015"}],"wp:featuredmedia":[{"embeddable":true,"href":"https:\/\/diariorepublica.com.ar\/web\/index.php\/wp-json\/wp\/v2\/media\/8014"}],"wp:attachment":[{"href":"https:\/\/diariorepublica.com.ar\/web\/index.php\/wp-json\/wp\/v2\/media?parent=8013"}],"wp:term":[{"taxonomy":"category","embeddable":true,"href":"https:\/\/diariorepublica.com.ar\/web\/index.php\/wp-json\/wp\/v2\/categories?post=8013"},{"taxonomy":"post_tag","embeddable":true,"href":"https:\/\/diariorepublica.com.ar\/web\/index.php\/wp-json\/wp\/v2\/tags?post=8013"}],"curies":[{"name":"wp","href":"https:\/\/api.w.org\/{rel}","templated":true}]}}