{"id":8019,"date":"2023-09-30T19:32:07","date_gmt":"2023-09-30T22:32:07","guid":{"rendered":"https:\/\/diariorepublica.com.ar\/web\/?p=8019"},"modified":"2023-09-30T19:32:08","modified_gmt":"2023-09-30T22:32:08","slug":"milei-al-arribar-a-santiago-del-estero-aseguro-que-se-inventaron-cosas-falsas-sobre-su-salud","status":"publish","type":"post","link":"https:\/\/diariorepublica.com.ar\/web\/index.php\/politica\/2023\/09\/30\/milei-al-arribar-a-santiago-del-estero-aseguro-que-se-inventaron-cosas-falsas-sobre-su-salud\/","title":{"rendered":"Milei, al arribar a Santiago del Estero, asegur\u00f3 que se inventaron \u00abcosas falsas\u00bb sobre su salud"},"content":{"rendered":"<p>El candidato presidencial de La Libertad Avanza (LLA),\u00a0<strong>Javier Milei, asegur\u00f3 hoy que se inventaron \u00abcosas falsas\u00bb sobre su salud debido a que \u00abla casta tiene miedo<\/strong>\u00bb y se mostr\u00f3 confiado para el debate presidencial obligatorio que deber\u00e1 enfrentar ma\u00f1ana porque consider\u00f3 que es el \u00fanico postulante que \u00abpuede decir la verdad\u00bb.<\/p>\n<p>\u00ab<strong>Tienen que caer en falacias ad hominem, berretas e inventar cosas falsas. Mir\u00e1 como estoy, \u00bfc\u00f3mo me ves?<\/strong>\u00ab, afirm\u00f3 Milei en declaraciones a la prensa al llegar a Santiago del Estero, donde fue consultado sobre su estado de salud a ra\u00edz de versiones que circularon en redes sociales en los \u00faltimos d\u00edas.<\/p>\n<p>Adem\u00e1s sostuvo que estas versiones se deben a que \u00abla casta esta muy asustada y desesperada\u00bb y se mostr\u00f3 confiado para el debate presidencial, aunque reconoci\u00f3 que no sabe cuanto puede influenciar en el electorado.<\/p>\n<p><strong>\u00abSoy el \u00fanico que puede decir la verdad en el debate<\/strong>\u00ab, subray\u00f3.<\/p>\n<p>Sobre el vuelo a Santiago del Estero que comparti\u00f3 con los candidatos del Frente de Izquierda y de los Trabajadores (FIT-U), Myriam Bregman y Nicol\u00e1s del Ca\u00f1o, Milei sostuvo que fue \u00abun viaje tranquilo\u00bb y que \u00abpara nada\u00bb hubo tensiones entre ambos espacios.<\/p>\n<p>\u00abAprecio mucho el cari\u00f1o con el que siempre la gente me recibe en todos lados. Me sorprende gratamente cada d\u00eda porque estas expresiones de cari\u00f1o son cada vez m\u00e1s fuertes. Estoy muy agradecido con la gente\u00bb, a\u00f1adi\u00f3.<\/p>\n<p>T\u00e9lam<\/p>\n","protected":false},"excerpt":{"rendered":"<p>El candidato presidencial de La Libertad Avanza (LLA),\u00a0Javier Milei, asegur\u00f3 hoy que se inventaron \u00abcosas falsas\u00bb sobre su salud debido<\/p>\n","protected":false},"author":1,"featured_media":8020,"comment_status":"closed","ping_status":"closed","sticky":false,"template":"","format":"standard","meta":{"footnotes":"","jetpack_publicize_message":"","jetpack_publicize_feature_enabled":true,"jetpack_social_post_already_shared":true,"jetpack_social_options":{"image_generator_settings":{"template":"highway","enabled":false},"version":2}},"categories":[12],"tags":[],"class_list":["post-8019","post","type-post","status-publish","format-standard","has-post-thumbnail","hentry","category-politica"],"jetpack_publicize_connections":[],"_links":{"self":[{"href":"https:\/\/diariorepublica.com.ar\/web\/index.php\/wp-json\/wp\/v2\/posts\/8019"}],"collection":[{"href":"https:\/\/diariorepublica.com.ar\/web\/index.php\/wp-json\/wp\/v2\/posts"}],"about":[{"href":"https:\/\/diariorepublica.com.ar\/web\/index.php\/wp-json\/wp\/v2\/types\/post"}],"author":[{"embeddable":true,"href":"https:\/\/diariorepublica.com.ar\/web\/index.php\/wp-json\/wp\/v2\/users\/1"}],"replies":[{"embeddable":true,"href":"https:\/\/diariorepublica.com.ar\/web\/index.php\/wp-json\/wp\/v2\/comments?post=8019"}],"version-history":[{"count":1,"href":"https:\/\/diariorepublica.com.ar\/web\/index.php\/wp-json\/wp\/v2\/posts\/8019\/revisions"}],"predecessor-version":[{"id":8021,"href":"https:\/\/diariorepublica.com.ar\/web\/index.php\/wp-json\/wp\/v2\/posts\/8019\/revisions\/8021"}],"wp:featuredmedia":[{"embeddable":true,"href":"https:\/\/diariorepublica.com.ar\/web\/index.php\/wp-json\/wp\/v2\/media\/8020"}],"wp:attachment":[{"href":"https:\/\/diariorepublica.com.ar\/web\/index.php\/wp-json\/wp\/v2\/media?parent=8019"}],"wp:term":[{"taxonomy":"category","embeddable":true,"href":"https:\/\/diariorepublica.com.ar\/web\/index.php\/wp-json\/wp\/v2\/categories?post=8019"},{"taxonomy":"post_tag","embeddable":true,"href":"https:\/\/diariorepublica.com.ar\/web\/index.php\/wp-json\/wp\/v2\/tags?post=8019"}],"curies":[{"name":"wp","href":"https:\/\/api.w.org\/{rel}","templated":true}]}}