{"id":8055,"date":"2023-10-01T08:35:00","date_gmt":"2023-10-01T11:35:00","guid":{"rendered":"https:\/\/diariorepublica.com.ar\/web\/?p=8055"},"modified":"2023-10-01T14:37:04","modified_gmt":"2023-10-01T17:37:04","slug":"catamarca-presento-sus-destinos-en-la-feria-internacional-del-turismo","status":"publish","type":"post","link":"https:\/\/diariorepublica.com.ar\/web\/index.php\/sociedad\/2023\/10\/01\/catamarca-presento-sus-destinos-en-la-feria-internacional-del-turismo\/","title":{"rendered":"<strong>Catamarca present\u00f3 sus destinos en la Feria Internacional del Turismo<\/strong>"},"content":{"rendered":"<p style=\"font-weight: 400;\">Catamarca present\u00f3 sus destinos el s\u00e1bado 30 de septiembre en el auditorio CFT 2 del sal\u00f3n Blanco del predio La Rural ante p\u00fablico y prestadores tur\u00edsticos que participan de la Feria Internacional de Turismo que se realiza hasta el 3 de octubre en la Ciudad de Buenos Aires.<\/p>\n<p style=\"font-weight: 400;\">La presentaci\u00f3n estuvo encabezada por el ministro de Cultura Turismo y Deporte, Roberto Brunello y la secretaria de Gesti\u00f3n Tur\u00edstica, Evangelina Quar\u00edn; y fueron la directora Provincial de Desarrollo y Oferta Tur\u00edstica Leonor Acevedo Corpacci, junto a Juliana Fern\u00e1ndez, de la agencia de turismo Alta Catamarca, las encargadas de exponer los atractivos tur\u00edsticos de las distintas regiones y responder consultas de los asistentes.<\/p>\n<p style=\"font-weight: 400;\">Corpacci destac\u00f3 que \u201cSan Fernando del Valle de Catamarca es la \u00fanica ciudad con un dique a 10 minutos, lo cual es importante a nivel estrat\u00e9gico para promocionar una ciudad con un atractivo de naturaleza tan cerca\u201d. Y revel\u00f3 la riqueza cultural de la provincia al contar con m\u00e1s de 300 sitios arqueol\u00f3gicos.<\/p>\n<p style=\"font-weight: 400;\">Tras exponer los atractivos de las distintas regiones de la provincia, present\u00f3 las cuatro experiencias imperdibles: Catamarca Inca, Catamarca en altura, Catamarca es dunas, y Catamarca de otro planeta, con datos geogr\u00e1ficos, de servicios y comercializaci\u00f3n, y recomendaciones de actividades para el turismo activo.<\/p>\n<p style=\"font-weight: 400;\">Fern\u00e1ndez, en representaci\u00f3n del sector privado, present\u00f3 el producto que m\u00e1s comercializan las agencias de viaje de turismo receptivo. Se trata de un programa para recorrer el Valle Central, la regi\u00f3n Oeste y la Puna en nueve d\u00edas que incluye la visita a la Cuesta de El Portezuelo, Casa Natal de Fray Mamerto Esqui\u00fa, Balc\u00f3n del Pissis y Ca\u00f1\u00f3n del Indio, Dunas de Tat\u00f3n y M\u00e1gicas, Campo de Piedra P\u00f3mez, Antofalla, Volc\u00e1n Gal\u00e1n, El Shincal, entre otros puntos tur\u00edsticos.<\/p>\n<p style=\"font-weight: 400;\">\u201cEste itinerario es muy vers\u00e1til, las agencias que lo comercializamos lo ofrecemos de acuerdo al tiempo que tiene el viajero, puede realizarse completo recorriendo los principales atractivos del Valle Central, Tinogasta, Bel\u00e9n y Antofagasta de la Sierra en nueve d\u00edas; o bien, acortarlo a cinco d\u00edas con posibilidad de sumar nuevas excursiones\u201d, detall\u00f3.<\/p>\n<p style=\"font-weight: 400;\">Luego, se refiri\u00f3 a la infraestructura y log\u00edstica indispensable para poder llevar adelante un servicio seguro y de calidad. En relaci\u00f3n a esto, insisti\u00f3 en la importancia de contratar agencias de viaje, gu\u00edas de turismo o ir acompa\u00f1ados por gu\u00edas baqueanos al tratarse de lugares con condiciones clim\u00e1ticas extremas adem\u00e1s de caminos dificultosos para transitar en veh\u00edculos que no cuenten con doble tracci\u00f3n.<\/p>\n<p style=\"font-weight: 400;\">Al finalizar, y luego del intercambio de consultas acerca de la mejor temporada del a\u00f1o para visitar los atractivos de acuerdo a las regiones, y de informaci\u00f3n de contacto para futuros viajes, se realizaron sorteos de estad\u00edas y excursiones para disfrutar en Catamarca.<\/p>\n<p style=\"font-weight: 400;\">M\u00e1s tarde, Marcelo Coll, de la agenda de viajes El Jumeal, present\u00f3 circuitos y rutas de Catamarca. \u00abTrabajamos mucho con circuitos de Ambato y de Pacl\u00edn, porque son lugares que pueden visitarse en cualquier \u00e9poca del a\u00f1o\u00bb, se\u00f1al\u00f3.<\/p>\n<p style=\"font-weight: 400;\">\n<p style=\"font-weight: 400;\"><strong>Apertura y primer d\u00eda de FIT<\/strong><\/p>\n<p style=\"font-weight: 400;\">El s\u00e1bado al mediod\u00eda se concret\u00f3 el acto de apertura de la Feria Internacional del Turismo, en el que el ministro de Turismo y Deportes de la Naci\u00f3n, Mat\u00edas Lammens destac\u00f3 que su gesti\u00f3n deja \u201cla vara alta\u201d para el turismo. Tambi\u00e9n remarc\u00f3 la decisi\u00f3n de todos los actores del sector de \u201cno meter la grieta en el turismo\u201d, puntualiz\u00f3 que el Estado \u201ces capaz de poner en marcha pol\u00edticas virtuosas\u201d y subray\u00f3 la importancia de que el turismo sea considerado hoy por los argentinos como \u201cuna de las principales actividades de la econom\u00eda nacional\u201d.<\/p>\n<p style=\"font-weight: 400;\">\n<p style=\"font-weight: 400;\">\u201cTras cuatro a\u00f1os de gesti\u00f3n y a la hora de balance, creo que dejamos la vara muy alta para el turismo en la Argentina\u201d, expres\u00f3 Lammens en su discurso y mencion\u00f3, entre otros logros, los programas PreViaje, 50 Destinos y La Ruta Natural.<\/p>\n","protected":false},"excerpt":{"rendered":"<p>Catamarca present\u00f3 sus destinos el s\u00e1bado 30 de septiembre en el auditorio CFT 2 del sal\u00f3n Blanco del predio La<\/p>\n","protected":false},"author":1,"featured_media":8056,"comment_status":"closed","ping_status":"closed","sticky":false,"template":"","format":"standard","meta":{"footnotes":"","jetpack_publicize_message":"","jetpack_publicize_feature_enabled":true,"jetpack_social_post_already_shared":true,"jetpack_social_options":{"image_generator_settings":{"template":"highway","enabled":false},"version":2}},"categories":[3],"tags":[],"class_list":["post-8055","post","type-post","status-publish","format-standard","has-post-thumbnail","hentry","category-sociedad"],"jetpack_publicize_connections":[],"_links":{"self":[{"href":"https:\/\/diariorepublica.com.ar\/web\/index.php\/wp-json\/wp\/v2\/posts\/8055"}],"collection":[{"href":"https:\/\/diariorepublica.com.ar\/web\/index.php\/wp-json\/wp\/v2\/posts"}],"about":[{"href":"https:\/\/diariorepublica.com.ar\/web\/index.php\/wp-json\/wp\/v2\/types\/post"}],"author":[{"embeddable":true,"href":"https:\/\/diariorepublica.com.ar\/web\/index.php\/wp-json\/wp\/v2\/users\/1"}],"replies":[{"embeddable":true,"href":"https:\/\/diariorepublica.com.ar\/web\/index.php\/wp-json\/wp\/v2\/comments?post=8055"}],"version-history":[{"count":1,"href":"https:\/\/diariorepublica.com.ar\/web\/index.php\/wp-json\/wp\/v2\/posts\/8055\/revisions"}],"predecessor-version":[{"id":8057,"href":"https:\/\/diariorepublica.com.ar\/web\/index.php\/wp-json\/wp\/v2\/posts\/8055\/revisions\/8057"}],"wp:featuredmedia":[{"embeddable":true,"href":"https:\/\/diariorepublica.com.ar\/web\/index.php\/wp-json\/wp\/v2\/media\/8056"}],"wp:attachment":[{"href":"https:\/\/diariorepublica.com.ar\/web\/index.php\/wp-json\/wp\/v2\/media?parent=8055"}],"wp:term":[{"taxonomy":"category","embeddable":true,"href":"https:\/\/diariorepublica.com.ar\/web\/index.php\/wp-json\/wp\/v2\/categories?post=8055"},{"taxonomy":"post_tag","embeddable":true,"href":"https:\/\/diariorepublica.com.ar\/web\/index.php\/wp-json\/wp\/v2\/tags?post=8055"}],"curies":[{"name":"wp","href":"https:\/\/api.w.org\/{rel}","templated":true}]}}