{"id":811,"date":"2023-04-01T17:55:51","date_gmt":"2023-04-01T20:55:51","guid":{"rendered":"https:\/\/diariorepublica.com.ar\/web\/?p=811"},"modified":"2023-04-01T17:55:51","modified_gmt":"2023-04-01T20:55:51","slug":"la-puerta-celebro-su-132-aniversario-inauguracion-su-nuevo-sum","status":"publish","type":"post","link":"https:\/\/diariorepublica.com.ar\/web\/index.php\/locales\/2023\/04\/01\/la-puerta-celebro-su-132-aniversario-inauguracion-su-nuevo-sum\/","title":{"rendered":"<strong>La Puerta celebr\u00f3 su 132\u00b0 aniversario inauguraci\u00f3n su nuevo SUM<\/strong>"},"content":{"rendered":"<p>La localidad ambate\u00f1a de La Puerta realiz\u00f3 este mediod\u00eda el acto por su 132\u00b0 Aniversario, contando con la presencia del vicegobernador a cargo del Poder\u00a0 Ejecutivo, Rub\u00e9n Dusso, y sumando a las celebraciones la inauguraci\u00f3n de su nuevo Sal\u00f3n de Usos M\u00faltiples (SUM).<\/p>\n<p>Las autoridades presentes junto al vicegobernador fueron; el intendente Osvaldo G\u00f3mez; el senador Edgardo Seco; la diputada Natalia Ponferrada; y el secretario del Interior, Dami\u00e1n Brizuela.<\/p>\n<p>\u00abEstoy orgulloso de poder difundir las bellezas que nuestra provincia tiene y la localidad de La Puerta es una de ellas. Adem\u00e1s, con el trabajo que estamos realizando de manera conjunta entre Naci\u00f3n, Provincia y Municipio, as\u00ed como gracias a las trabajadoras y trabajadores que ponen su esfuerzo para que todo ocurra, la estamos haciendo a\u00fan m\u00e1s bella y con la infraestructura necesaria para que toda su comunidad se beneficie, porque un sal\u00f3n de usos m\u00faltiples es un espacio que pueda ser aprovechado por todo el pueblo\u00bb, expres\u00f3 el vicegobernador.<\/p>\n","protected":false},"excerpt":{"rendered":"<p>La localidad ambate\u00f1a de La Puerta realiz\u00f3 este mediod\u00eda el acto por su 132\u00b0 Aniversario, contando con la presencia del<\/p>\n","protected":false},"author":1,"featured_media":812,"comment_status":"closed","ping_status":"closed","sticky":false,"template":"","format":"standard","meta":{"footnotes":"","jetpack_publicize_message":"","jetpack_publicize_feature_enabled":true,"jetpack_social_post_already_shared":false,"jetpack_social_options":{"image_generator_settings":{"template":"highway","enabled":false},"version":2}},"categories":[2],"tags":[],"class_list":["post-811","post","type-post","status-publish","format-standard","has-post-thumbnail","hentry","category-locales"],"jetpack_publicize_connections":[],"_links":{"self":[{"href":"https:\/\/diariorepublica.com.ar\/web\/index.php\/wp-json\/wp\/v2\/posts\/811"}],"collection":[{"href":"https:\/\/diariorepublica.com.ar\/web\/index.php\/wp-json\/wp\/v2\/posts"}],"about":[{"href":"https:\/\/diariorepublica.com.ar\/web\/index.php\/wp-json\/wp\/v2\/types\/post"}],"author":[{"embeddable":true,"href":"https:\/\/diariorepublica.com.ar\/web\/index.php\/wp-json\/wp\/v2\/users\/1"}],"replies":[{"embeddable":true,"href":"https:\/\/diariorepublica.com.ar\/web\/index.php\/wp-json\/wp\/v2\/comments?post=811"}],"version-history":[{"count":1,"href":"https:\/\/diariorepublica.com.ar\/web\/index.php\/wp-json\/wp\/v2\/posts\/811\/revisions"}],"predecessor-version":[{"id":813,"href":"https:\/\/diariorepublica.com.ar\/web\/index.php\/wp-json\/wp\/v2\/posts\/811\/revisions\/813"}],"wp:featuredmedia":[{"embeddable":true,"href":"https:\/\/diariorepublica.com.ar\/web\/index.php\/wp-json\/wp\/v2\/media\/812"}],"wp:attachment":[{"href":"https:\/\/diariorepublica.com.ar\/web\/index.php\/wp-json\/wp\/v2\/media?parent=811"}],"wp:term":[{"taxonomy":"category","embeddable":true,"href":"https:\/\/diariorepublica.com.ar\/web\/index.php\/wp-json\/wp\/v2\/categories?post=811"},{"taxonomy":"post_tag","embeddable":true,"href":"https:\/\/diariorepublica.com.ar\/web\/index.php\/wp-json\/wp\/v2\/tags?post=811"}],"curies":[{"name":"wp","href":"https:\/\/api.w.org\/{rel}","templated":true}]}}