{"id":8149,"date":"2023-10-03T19:13:00","date_gmt":"2023-10-03T22:13:00","guid":{"rendered":"https:\/\/diariorepublica.com.ar\/web\/?p=8149"},"modified":"2023-10-03T20:14:17","modified_gmt":"2023-10-03T23:14:17","slug":"boca-viajo-a-brasil-sin-equipo-confirmado-para-enfrentar-a-palmeiras","status":"publish","type":"post","link":"https:\/\/diariorepublica.com.ar\/web\/index.php\/deportes\/2023\/10\/03\/boca-viajo-a-brasil-sin-equipo-confirmado-para-enfrentar-a-palmeiras\/","title":{"rendered":"Boca viaj\u00f3 a Brasil sin equipo confirmado para enfrentar a Palmeiras"},"content":{"rendered":"<div class=\"small-12\">\n<div class=\"main_media_container\">\n<div class=\"e-post-loading\">\n<div class=\"e-spinner\">\n<div class=\"rect1\"><\/div>\n<\/div>\n<\/div>\n<\/div>\n<\/div>\n<div class=\"small-12 medium-12 large-12 columns \">\n<div class=\"e-post-text\">\n<p>Boca tuvo su \u00faltima pr\u00e1ctica en Ezeiza antes de partir a Brasil para enfrentar a Palmeiras por la vuelta de las semifinales de la Copa Libertadores y el entrenador Jorge Almir\u00f3n, no dio indicios del posible equipo para el compromiso trascendental.<\/p>\n<p>Luego del traspi\u00e9 en el Supercl\u00e1sico ante River -derrota por 2 a 0-, el t\u00e9cnico del elenco de La Ribera no tuvo tiempo para lamentos y tampoco le sobra margen de error, ya que una hipot\u00e9tica eliminaci\u00f3n del certamen continental podr\u00eda decantar en su salida anticipada.<\/p>\n<p>Si bien Almir\u00f3n no par\u00f3 un once, a esta hora la principal novedad tiene que ver con que Marcos Rojo y Nicol\u00e1s Figal est\u00e1n en duda: la dupla central titular se movi\u00f3 por segundo entrenamiento consecutivo de manera diferenciada del resto de sus compa\u00f1eros y por ahora hay incertidumbre respecto a si llegar\u00e1n en condiciones para el jueves.<\/p>\n<p>El capit\u00e1n atraviesa una molestia muscular en el gemelo, mientras que el ex Independiente sufre un dolor en la rodilla por un golpe. El cuerpo t\u00e9cnico sabe de su importancia, los esperar\u00e1n hasta \u00faltimo momento y son optimistas.<\/p>\n<p>Por otra parte, el plantel volvi\u00f3 a entrenarse en una cancha de pasto natural y no en sint\u00e9tico, como era el plan inicial de Almir\u00f3n con el objetivo de que los jugadores experimenten una especie de aclimataci\u00f3n a lo que se encontrar\u00e1n en el campo de juego del Allianz Parque, y luego de esto, emprendi\u00f3 vuelo a San Pablo.<\/p>\n<p>Aunque es prematuro empezar a dilucidar un equipo para la revancha copera, la composici\u00f3n del mismo ser\u00eda similar al que jug\u00f3 en la ida -a la espera de Rojo y Figal-, con la duda de si Miguel Merentiel seguir\u00e1 como titular o en su lugar ingresar\u00e1 Nicol\u00e1s Valentini para formar una l\u00ednea de 5 u otro delantero, pero con caracter\u00edsticas distintas, como puede ser Lucas Janson o Exequiel Zeballos.<\/p>\n<p>De esta manera, el posible equipo ser\u00eda el siguiente: Sergio Romero; Luis Adv\u00edncula, Nicol\u00e1s Figal, Marcos Rojo, Nicol\u00e1s Valentini (o Miguel Merentiel), Frank Fabra; Cristian Medina, Guillermo \u00abPol\u00bb Fern\u00e1ndez, Ezequiel Fern\u00e1ndez, Valent\u00edn Barco; Edinson Cavani.<\/p>\n<p>Fuente: NA.<\/p>\n<\/div>\n<\/div>\n","protected":false},"excerpt":{"rendered":"<p>Boca tuvo su \u00faltima pr\u00e1ctica en Ezeiza antes de partir a Brasil para enfrentar a Palmeiras por la vuelta de<\/p>\n","protected":false},"author":1,"featured_media":8150,"comment_status":"closed","ping_status":"closed","sticky":false,"template":"","format":"standard","meta":{"footnotes":"","jetpack_publicize_message":"","jetpack_publicize_feature_enabled":true,"jetpack_social_post_already_shared":true,"jetpack_social_options":{"image_generator_settings":{"template":"highway","enabled":false},"version":2}},"categories":[9],"tags":[],"class_list":["post-8149","post","type-post","status-publish","format-standard","has-post-thumbnail","hentry","category-deportes"],"jetpack_publicize_connections":[],"_links":{"self":[{"href":"https:\/\/diariorepublica.com.ar\/web\/index.php\/wp-json\/wp\/v2\/posts\/8149"}],"collection":[{"href":"https:\/\/diariorepublica.com.ar\/web\/index.php\/wp-json\/wp\/v2\/posts"}],"about":[{"href":"https:\/\/diariorepublica.com.ar\/web\/index.php\/wp-json\/wp\/v2\/types\/post"}],"author":[{"embeddable":true,"href":"https:\/\/diariorepublica.com.ar\/web\/index.php\/wp-json\/wp\/v2\/users\/1"}],"replies":[{"embeddable":true,"href":"https:\/\/diariorepublica.com.ar\/web\/index.php\/wp-json\/wp\/v2\/comments?post=8149"}],"version-history":[{"count":1,"href":"https:\/\/diariorepublica.com.ar\/web\/index.php\/wp-json\/wp\/v2\/posts\/8149\/revisions"}],"predecessor-version":[{"id":8151,"href":"https:\/\/diariorepublica.com.ar\/web\/index.php\/wp-json\/wp\/v2\/posts\/8149\/revisions\/8151"}],"wp:featuredmedia":[{"embeddable":true,"href":"https:\/\/diariorepublica.com.ar\/web\/index.php\/wp-json\/wp\/v2\/media\/8150"}],"wp:attachment":[{"href":"https:\/\/diariorepublica.com.ar\/web\/index.php\/wp-json\/wp\/v2\/media?parent=8149"}],"wp:term":[{"taxonomy":"category","embeddable":true,"href":"https:\/\/diariorepublica.com.ar\/web\/index.php\/wp-json\/wp\/v2\/categories?post=8149"},{"taxonomy":"post_tag","embeddable":true,"href":"https:\/\/diariorepublica.com.ar\/web\/index.php\/wp-json\/wp\/v2\/tags?post=8149"}],"curies":[{"name":"wp","href":"https:\/\/api.w.org\/{rel}","templated":true}]}}