{"id":8164,"date":"2023-10-04T07:42:45","date_gmt":"2023-10-04T10:42:45","guid":{"rendered":"https:\/\/diariorepublica.com.ar\/web\/?p=8164"},"modified":"2023-10-04T07:42:47","modified_gmt":"2023-10-04T10:42:47","slug":"imputaron-a-insaurralde-por-lavado-de-dinero-y-pidieron-la-inhibicion-de-sus-bienes","status":"publish","type":"post","link":"https:\/\/diariorepublica.com.ar\/web\/index.php\/nacionales\/2023\/10\/04\/imputaron-a-insaurralde-por-lavado-de-dinero-y-pidieron-la-inhibicion-de-sus-bienes\/","title":{"rendered":"Imputaron a Insaurralde por lavado de dinero y pidieron la inhibici\u00f3n de sus bienes"},"content":{"rendered":"<p>El fiscal federal de\u00a0<strong>Lomas de Zamora Sergio Mola<\/strong>\u00a0imput\u00f3 hoy por el supuesto delito de lavado de dinero al ex jefe de Gabinete bonarense,\u00a0<strong>Mart\u00edn Insaurralde<\/strong>, y tambi\u00e9n\u00a0<strong>reclam\u00f3 la inhibici\u00f3n general de sus bienes.<\/strong><\/p>\n<p>La medida tambi\u00e9n alcanza a la modelo\u00a0<strong>Sof\u00eda Cl\u00e9rici<\/strong>, quien estaba de paseo en un yate en Marbella, Espa\u00f1a, junto al intendente de Lomas de Zamora en uso de licencia.<\/p>\n<p>Seg\u00fan supo Noticias Argentinas,<strong>\u00a0el fiscal Mola pidi\u00f3 la inhibici\u00f3n general de bienes<\/strong>\u00a0y los movimientos migratorios de Insaurralde y Cl\u00e9rici.<\/p>\n<p><strong>Lo hizo en la causa que<\/strong>\u00a0<strong>est\u00e1 en manos del juez federal de Lomas de Zamora<\/strong>, Federico Villena, a partir de la denuncia que hizo el s\u00e1bado \u00faltimo Gast\u00f3n Marano, abogado de uno de los acusados en la causa por el intento de magnicidio de la vicepresidenta Cristina Kirchner.<\/p>\n<p>M\u00e1s temprano,<strong>\u00a0el fiscal Mola hab\u00eda pedido que el juez Villena se aparte de esa denuncia que recal\u00f3 en su juzgado por su supuesto v\u00ednculo \u00edntimo con Insaurralde<\/strong>.\u00a0Mola bas\u00f3 su recusaci\u00f3n en rumores period\u00edsticos que dan cuenta de una supuesta amistad de Villena con el ex jefe de Gabinete Bonaerense.<\/p>\n<p>Adem\u00e1s, el fiscal mencion\u00f3 el hecho que<strong>\u00a0la primera ex mujer de Insaurralde<\/strong>, la abogada Liana Alejandra Toledo (hija de un ex intendente lomense) trabaja como\u00a0<strong>pro secretaria administrativa en el juzgado federal<\/strong>\u00a0de Villena.<\/p>\n<p>Por ello, la fiscal\u00eda se\u00f1ala que existe un \u00abtemor\u00bb fundado de parcialidad por parte del juzgado donde recal\u00f3 una de las primeras denuncias hechas de la mano del abogado Gast\u00f3n Marano.<\/p>\n<p>Se trata de una de las tantas denuncias hechas, en total unas ocho, contra Insaurralde luego del esc\u00e1ndalo que lo tuvo como protagonista y a part\u00ed del cual hay acusaciones en su contra as\u00ed como de Clerici y la modelo Jesica Cirio, ex pareja del lomense.<\/p>\n<p>NA<\/p>\n","protected":false},"excerpt":{"rendered":"<p>El fiscal federal de\u00a0Lomas de Zamora Sergio Mola\u00a0imput\u00f3 hoy por el supuesto delito de lavado de dinero al ex jefe<\/p>\n","protected":false},"author":1,"featured_media":8165,"comment_status":"closed","ping_status":"closed","sticky":false,"template":"","format":"standard","meta":{"footnotes":"","jetpack_publicize_message":"","jetpack_publicize_feature_enabled":true,"jetpack_social_post_already_shared":true,"jetpack_social_options":{"image_generator_settings":{"template":"highway","enabled":false},"version":2}},"categories":[4],"tags":[],"class_list":["post-8164","post","type-post","status-publish","format-standard","has-post-thumbnail","hentry","category-nacionales"],"jetpack_publicize_connections":[],"_links":{"self":[{"href":"https:\/\/diariorepublica.com.ar\/web\/index.php\/wp-json\/wp\/v2\/posts\/8164"}],"collection":[{"href":"https:\/\/diariorepublica.com.ar\/web\/index.php\/wp-json\/wp\/v2\/posts"}],"about":[{"href":"https:\/\/diariorepublica.com.ar\/web\/index.php\/wp-json\/wp\/v2\/types\/post"}],"author":[{"embeddable":true,"href":"https:\/\/diariorepublica.com.ar\/web\/index.php\/wp-json\/wp\/v2\/users\/1"}],"replies":[{"embeddable":true,"href":"https:\/\/diariorepublica.com.ar\/web\/index.php\/wp-json\/wp\/v2\/comments?post=8164"}],"version-history":[{"count":1,"href":"https:\/\/diariorepublica.com.ar\/web\/index.php\/wp-json\/wp\/v2\/posts\/8164\/revisions"}],"predecessor-version":[{"id":8166,"href":"https:\/\/diariorepublica.com.ar\/web\/index.php\/wp-json\/wp\/v2\/posts\/8164\/revisions\/8166"}],"wp:featuredmedia":[{"embeddable":true,"href":"https:\/\/diariorepublica.com.ar\/web\/index.php\/wp-json\/wp\/v2\/media\/8165"}],"wp:attachment":[{"href":"https:\/\/diariorepublica.com.ar\/web\/index.php\/wp-json\/wp\/v2\/media?parent=8164"}],"wp:term":[{"taxonomy":"category","embeddable":true,"href":"https:\/\/diariorepublica.com.ar\/web\/index.php\/wp-json\/wp\/v2\/categories?post=8164"},{"taxonomy":"post_tag","embeddable":true,"href":"https:\/\/diariorepublica.com.ar\/web\/index.php\/wp-json\/wp\/v2\/tags?post=8164"}],"curies":[{"name":"wp","href":"https:\/\/api.w.org\/{rel}","templated":true}]}}