{"id":8185,"date":"2023-10-04T17:41:25","date_gmt":"2023-10-04T20:41:25","guid":{"rendered":"https:\/\/diariorepublica.com.ar\/web\/?p=8185"},"modified":"2023-10-04T17:41:26","modified_gmt":"2023-10-04T20:41:26","slug":"la-secretaria-nacional-de-politicas-integrales-de-sedronar-fue-recibida-por-el-vicegobernador","status":"publish","type":"post","link":"https:\/\/diariorepublica.com.ar\/web\/index.php\/locales\/2023\/10\/04\/la-secretaria-nacional-de-politicas-integrales-de-sedronar-fue-recibida-por-el-vicegobernador\/","title":{"rendered":"<strong>La secretaria Nacional de Pol\u00edticas Integrales de Sedronar fue recibida por el Vicegobernador<\/strong>"},"content":{"rendered":"<p>En el marco de del \u201cEncuentro Interinstitucional sobre pol\u00edtica p\u00fablica provincial en materia de consumos problem\u00e1ticos desde una mirada local y perspectiva de derecho\u201d, el vicegobernador Rub\u00e9n Dusso, recibi\u00f3 este mi\u00e9rcoles a la Lic. Gabriela Torres, secretaria Nacional de Pol\u00edticas Integrales sobre Drogas, de Sedronar, y a la ministra de Salud, Manuela \u00c1vila, junto a su equipo.<\/p>\n<p>Durante la reuni\u00f3n, se puso de relieve el trabajo de contenci\u00f3n e inclusi\u00f3n para j\u00f3venes que se est\u00e1 llevando adelante en toda la provincia, as\u00ed como se tocaron temas que resultan clave en la coordinaci\u00f3n interinstitucional para un abordaje integral del flagelo de los consumos problem\u00e1ticos en la poblaci\u00f3n.<\/p>\n<p>El encuentro, llevado a cabo por la secretaria de Salud Mental y Adicciones que conduce Tamara Franco Martel, fue el marco propicio para que se realice una firma de convenio para la adhesi\u00f3n de la Provincia al Programa de Acompa\u00f1antes Comunitarios\/as de Sedronar, que tiene como principal objetivo promover el cuidado y acompa\u00f1amiento de personas con consumo problem\u00e1tico de sustancias desde un enfoque comunitario.<\/p>\n<p>\u201cEs importante mostrar cuidado, acompa\u00f1amiento, comprensi\u00f3n, contenci\u00f3n y solidaridad hacia los dem\u00e1s para construir una sociedad inclusiva y resolver los problemas juntos\u201d, expres\u00f3 el vicegobernador Dusso.<\/p>\n<p>Durante el mencionado encuentro que se llev\u00f3 adelante en Urbano Girardi, se brind\u00f3 una capacitaci\u00f3n sobre Actualizaci\u00f3n, lineamientos y orientaciones en materia de prevenci\u00f3n y abordaje territorial de los consumos problem\u00e1ticos, destinada a equipos de salud, referentes comunitarios, organizaciones sociales y agrupaciones interesadas en la tem\u00e1tica, a cargo de Noelia Straface, miembro del equipo de SEDRONAR.<\/p>\n<p>Adem\u00e1s, equipos t\u00e9cnicos expusieron el trabajo relacionado al consumo problem\u00e1tico y en territorio con participaci\u00f3n de organizaciones acompa\u00f1adas por Sedronar en Catamarca.<\/p>\n","protected":false},"excerpt":{"rendered":"<p>En el marco de del \u201cEncuentro Interinstitucional sobre pol\u00edtica p\u00fablica provincial en materia de consumos problem\u00e1ticos desde una mirada local<\/p>\n","protected":false},"author":1,"featured_media":8186,"comment_status":"closed","ping_status":"closed","sticky":false,"template":"","format":"standard","meta":{"footnotes":"","jetpack_publicize_message":"","jetpack_publicize_feature_enabled":true,"jetpack_social_post_already_shared":true,"jetpack_social_options":{"image_generator_settings":{"template":"highway","enabled":false},"version":2}},"categories":[2],"tags":[],"class_list":["post-8185","post","type-post","status-publish","format-standard","has-post-thumbnail","hentry","category-locales"],"jetpack_publicize_connections":[],"_links":{"self":[{"href":"https:\/\/diariorepublica.com.ar\/web\/index.php\/wp-json\/wp\/v2\/posts\/8185"}],"collection":[{"href":"https:\/\/diariorepublica.com.ar\/web\/index.php\/wp-json\/wp\/v2\/posts"}],"about":[{"href":"https:\/\/diariorepublica.com.ar\/web\/index.php\/wp-json\/wp\/v2\/types\/post"}],"author":[{"embeddable":true,"href":"https:\/\/diariorepublica.com.ar\/web\/index.php\/wp-json\/wp\/v2\/users\/1"}],"replies":[{"embeddable":true,"href":"https:\/\/diariorepublica.com.ar\/web\/index.php\/wp-json\/wp\/v2\/comments?post=8185"}],"version-history":[{"count":1,"href":"https:\/\/diariorepublica.com.ar\/web\/index.php\/wp-json\/wp\/v2\/posts\/8185\/revisions"}],"predecessor-version":[{"id":8187,"href":"https:\/\/diariorepublica.com.ar\/web\/index.php\/wp-json\/wp\/v2\/posts\/8185\/revisions\/8187"}],"wp:featuredmedia":[{"embeddable":true,"href":"https:\/\/diariorepublica.com.ar\/web\/index.php\/wp-json\/wp\/v2\/media\/8186"}],"wp:attachment":[{"href":"https:\/\/diariorepublica.com.ar\/web\/index.php\/wp-json\/wp\/v2\/media?parent=8185"}],"wp:term":[{"taxonomy":"category","embeddable":true,"href":"https:\/\/diariorepublica.com.ar\/web\/index.php\/wp-json\/wp\/v2\/categories?post=8185"},{"taxonomy":"post_tag","embeddable":true,"href":"https:\/\/diariorepublica.com.ar\/web\/index.php\/wp-json\/wp\/v2\/tags?post=8185"}],"curies":[{"name":"wp","href":"https:\/\/api.w.org\/{rel}","templated":true}]}}