{"id":8238,"date":"2023-10-05T11:33:00","date_gmt":"2023-10-05T14:33:00","guid":{"rendered":"https:\/\/diariorepublica.com.ar\/web\/?p=8238"},"modified":"2023-10-05T12:35:13","modified_gmt":"2023-10-05T15:35:13","slug":"boca-enfrenta-a-palmeiras-en-busca-de-otra-final-de-copa-libertadores","status":"publish","type":"post","link":"https:\/\/diariorepublica.com.ar\/web\/index.php\/deportes\/2023\/10\/05\/boca-enfrenta-a-palmeiras-en-busca-de-otra-final-de-copa-libertadores\/","title":{"rendered":"Boca enfrenta a Palmeiras en busca de otra final de Copa Libertadores"},"content":{"rendered":"<article id=\"article-post\" class=\"first\">\n<div class=\"cuerpo\" data-twitter-link=\"https:\/\/twitter.com\/intent\/tweet?url=https:\/\/www.diariopopular.com.ar\/c746147&amp;via=poopulardiario&amp;related=Popular&amp;text=\">\n<p><strong>Boca visitar\u00e1 este jueves<\/strong>, desde las 21.30,\u00a0<strong>a Palmeiras por el partido de vuelta de las semifinales de la Copa Libertadores\u00a0<\/strong>despu\u00e9s del 0 a 0 en La Bombonera, con la ilusi\u00f3n de llegar a la final en busca de la S\u00e9ptima. El encuentro ser\u00e1 dirigido por el uruguayo Andr\u00e9s Matonte y televisado por Fox Sports y Telef\u00e9.<\/p>\n<\/div>\n<\/article>\n<article id=\"article-post\">\n<div class=\"cuerpo\" data-twitter-link=\"https:\/\/twitter.com\/intent\/tweet?url=https:\/\/www.diariopopular.com.ar\/c746147&amp;via=poopulardiario&amp;related=Popular&amp;text=\">\n<p>El equipo de Jorge Almir\u00f3n, que viene de perder 2 a 0 el Supercl\u00e1sico en La Bombonera, buscar\u00e1 pisar fuerte e imponerse en Brasil. El Xeneize, que viene de eliminar a Nacional de Uruguay y Racing, va por el golpe ante el reciente bicampe\u00f3n de Am\u00e9rica (2020 y 2021).\u00a0<strong>La \u00fanica duda del entrenador en el equipo es si juega Ezequiel Fern\u00e1ndez o Jorman Campuzano para acompa\u00f1ar a Pol Fern\u00e1ndez\u00a0<\/strong>en el doble cinco.<\/p>\n<p>\u00abEl equipo termin\u00f3 entero, pero molesto porque no se pudo ganar, hicimos todo. Ahora est\u00e1 abierta la chance y vamos por todo all\u00e1, estamos a un paso de la final.\u00a0<strong>Estamos a un gol y lo podemos hacer, lo podemos generar\u201d, asegur\u00f3 Almir\u00f3n despu\u00e9s del partido ida en La Bombonera.\u00a0<\/strong>El entrenador qued\u00f3 en el ojo de la tormenta tras la ca\u00edda en el S\u00faper con su decisi\u00f3n de poner un equipo suplente pensando en este encuentro y se juega m\u00e1s que el resto en Brasil.<\/p>\n<p>Por su parte,\u00a0<strong>Abel Ferreira tambi\u00e9n cuid\u00f3 jugadores y con un equipo alternativo su equipo viene de caer por 2 a 1 con Bragantino<\/strong>\u00a0en el campeonato brasilero. Palmeiras sac\u00f3 un valioso empate de visitante y ahora tratar\u00e1 de imponer su local\u00eda una vez m\u00e1s. \u00abEs un partido decisivo en nuestra casa, que seguramente tendr\u00e1 una historia que s\u00f3lo conoceremos al final.\u00a0<strong>El jueves es un partido diferente y haremos todo lo posible para volver a estar en la final\u00bb<\/strong>, coment\u00f3 el entrenador.<\/p>\n<p><strong>El ganador del cruce entre Boca y Palmeiras enfrentar\u00e1 al Fluminense de Germ\u00e1n Cano en la final de la Copa Libertadores<\/strong>. El equipo comandado por Fernando Diniz Silva comenz\u00f3 perdiendo con un tanto del argentino Gabriel Mercado pero luego remont\u00f3 el resultado sobre el final con tantos de John Kennedy (36&#8242; del segundo tiempo) y el propio Cano (42&#8242;) que lleva 80 goles en 119 partidos en el Fluminense.<\/p>\n<p>Posibles formaciones:<\/p>\n<p>Palmeiras: Weverton; Marcos Rocha, Gustavo G\u00f3mez, Murilo, Joaqu\u00edn Piquerez; Gabriel Menino, Z\u00e9 Rafael, Raphael Veiga, Mayke o Lu\u00eds Guilherme; Artur y Rony.<\/p>\n<p>Boca: Sergio Romero; Lu\u00eds Adv\u00edncula, Marcos Rojo, Nicol\u00e1s Figal, Frank Fabra; Cristian Medina, Ezequiel Fern\u00e1ndez o Jorman Campuzano, Pol Fern\u00e1ndez, Valent\u00edn Barco; Miguel Merentiel y Edinson Cavani.<\/p>\n<\/div>\n<\/article>\n","protected":false},"excerpt":{"rendered":"<p>Boca visitar\u00e1 este jueves, desde las 21.30,\u00a0a Palmeiras por el partido de vuelta de las semifinales de la Copa Libertadores\u00a0despu\u00e9s<\/p>\n","protected":false},"author":1,"featured_media":8239,"comment_status":"closed","ping_status":"closed","sticky":false,"template":"","format":"standard","meta":{"footnotes":"","jetpack_publicize_message":"","jetpack_publicize_feature_enabled":true,"jetpack_social_post_already_shared":true,"jetpack_social_options":{"image_generator_settings":{"template":"highway","enabled":false},"version":2}},"categories":[9],"tags":[],"class_list":["post-8238","post","type-post","status-publish","format-standard","has-post-thumbnail","hentry","category-deportes"],"jetpack_publicize_connections":[],"_links":{"self":[{"href":"https:\/\/diariorepublica.com.ar\/web\/index.php\/wp-json\/wp\/v2\/posts\/8238"}],"collection":[{"href":"https:\/\/diariorepublica.com.ar\/web\/index.php\/wp-json\/wp\/v2\/posts"}],"about":[{"href":"https:\/\/diariorepublica.com.ar\/web\/index.php\/wp-json\/wp\/v2\/types\/post"}],"author":[{"embeddable":true,"href":"https:\/\/diariorepublica.com.ar\/web\/index.php\/wp-json\/wp\/v2\/users\/1"}],"replies":[{"embeddable":true,"href":"https:\/\/diariorepublica.com.ar\/web\/index.php\/wp-json\/wp\/v2\/comments?post=8238"}],"version-history":[{"count":1,"href":"https:\/\/diariorepublica.com.ar\/web\/index.php\/wp-json\/wp\/v2\/posts\/8238\/revisions"}],"predecessor-version":[{"id":8240,"href":"https:\/\/diariorepublica.com.ar\/web\/index.php\/wp-json\/wp\/v2\/posts\/8238\/revisions\/8240"}],"wp:featuredmedia":[{"embeddable":true,"href":"https:\/\/diariorepublica.com.ar\/web\/index.php\/wp-json\/wp\/v2\/media\/8239"}],"wp:attachment":[{"href":"https:\/\/diariorepublica.com.ar\/web\/index.php\/wp-json\/wp\/v2\/media?parent=8238"}],"wp:term":[{"taxonomy":"category","embeddable":true,"href":"https:\/\/diariorepublica.com.ar\/web\/index.php\/wp-json\/wp\/v2\/categories?post=8238"},{"taxonomy":"post_tag","embeddable":true,"href":"https:\/\/diariorepublica.com.ar\/web\/index.php\/wp-json\/wp\/v2\/tags?post=8238"}],"curies":[{"name":"wp","href":"https:\/\/api.w.org\/{rel}","templated":true}]}}