{"id":8248,"date":"2023-10-06T07:39:03","date_gmt":"2023-10-06T10:39:03","guid":{"rendered":"https:\/\/diariorepublica.com.ar\/web\/?p=8248"},"modified":"2023-10-06T07:39:05","modified_gmt":"2023-10-06T10:39:05","slug":"el-premio-nobel-de-la-paz-2023-fue-otorgado-a-narges-mohammadi","status":"publish","type":"post","link":"https:\/\/diariorepublica.com.ar\/web\/index.php\/internacionales\/2023\/10\/06\/el-premio-nobel-de-la-paz-2023-fue-otorgado-a-narges-mohammadi\/","title":{"rendered":"El Premio Nobel de la Paz 2023 fue otorgado a Narges Mohammadi"},"content":{"rendered":"<section class=\"detail-body first-paragraph\">\n<section id=\"note-body\" class=\"body-content note-body content-protected-false\" data-twitter-link=\"https:\/\/twitter.com\/intent\/tweet?url=https:\/\/www.minutouno.com\/c5839320&amp;v\u00eda=Ambitocom&amp;related=MinutoUno&amp;text=\">El Comit\u00e9 Noruego del Nobel anunci\u00f3 este viernes el Premio Nobel de la Paz 2023 para la activista iran\u00ed Narges Mohammadi, quien est\u00e1 encarcelada.<\/p>\n<\/section>\n<\/section>\n<section class=\"detail-body second-paragraph\">\n<section class=\"body-content note-body content-protected-false\"><span id=\"saysCMSEmphasiscwtxksjtz9\" class=\"saysCMSEmphasis\">\u00abEl Comit\u00e9 Noruego del Nobel ha decidido conceder el Premio Nobel de la Paz 2023 a Narges Mohammadi por su lucha contra la opresi\u00f3n de las mujeres en Ir\u00e1n y su lucha por promover los derechos humanos y la libertad para todos\u00bb,\u00a0<\/span>indic\u00f3 el comunicado oficial.<\/p>\n<p>El premio de este a\u00f1o, seg\u00fan el\u00a0<strong>Comit\u00e9<\/strong>, \u00abtambi\u00e9n reconoce a los cientos de miles de personas que el a\u00f1o pasado se manifestaron contra las pol\u00edticas de discriminaci\u00f3n y opresi\u00f3n del r\u00e9gimen teocr\u00e1tico de Ir\u00e1n contra las mujeres\u00bb.<\/p>\n<p><strong>Qui\u00e9n es Narges Mohammadi<\/strong><\/p>\n<p>Nacida en 1972, Mohammadi\u00a0<span id=\"saysCMSEmphasisw4m3vssh7gn\" class=\"saysCMSEmphasis\">fue detenida en 13 ocasiones y condenada a un total de 31 a\u00f1os de prisi\u00f3n y 154 latigazos.<\/span><\/p>\n<p>Durante una conferencia de prensa posterior al anuncio, la presidenta del Comit\u00e9 Noruego del Nobel,<strong>\u00a0Berit Reiss-Andersen<\/strong>, expres\u00f3 la esperanza de que las autoridades iran\u00edes liberen a Mohammadi para que pueda recibir el premio en persona.<\/p>\n<p>Los Premios Nobel 2023 est\u00e1n dotados con 11 millones de coronas suecas,\u00a0<span id=\"saysCMSEmphasisl0ywuwmiel\" class=\"saysCMSEmphasis\">aproximadamente un mill\u00f3n de d\u00f3lares al cambio actual.<\/span><\/p>\n<p>Desde 1901 se concedieron 104\u00a0<strong>Nobel de la Paz<\/strong>; en 19 ocasiones, los miembros del comit\u00e9 dejaron vacante el premio.<\/p>\n<p>El a\u00f1o pasado el Nobel de la Paz recay\u00f3 en el activista bielorruso pro derechos humanos\u00a0<strong>Ales Bialiatski<\/strong>, condenado a 10 a\u00f1os de prisi\u00f3n en marzo de 2023, y en las entidades Memorial (una ONG rusa que fue disuelta por una orden de la Corte Suprema tras su reiterada negativa de etiquetarse como agente extranjera) y Centro para las Libertades Civiles (Ucrania).<\/p>\n<\/section>\n<\/section>\n","protected":false},"excerpt":{"rendered":"<p>El Comit\u00e9 Noruego del Nobel anunci\u00f3 este viernes el Premio Nobel de la Paz 2023 para la activista iran\u00ed Narges<\/p>\n","protected":false},"author":1,"featured_media":8249,"comment_status":"closed","ping_status":"closed","sticky":false,"template":"","format":"standard","meta":{"footnotes":"","jetpack_publicize_message":"","jetpack_publicize_feature_enabled":true,"jetpack_social_post_already_shared":true,"jetpack_social_options":{"image_generator_settings":{"template":"highway","enabled":false},"version":2}},"categories":[6],"tags":[],"class_list":["post-8248","post","type-post","status-publish","format-standard","has-post-thumbnail","hentry","category-internacionales"],"jetpack_publicize_connections":[],"_links":{"self":[{"href":"https:\/\/diariorepublica.com.ar\/web\/index.php\/wp-json\/wp\/v2\/posts\/8248"}],"collection":[{"href":"https:\/\/diariorepublica.com.ar\/web\/index.php\/wp-json\/wp\/v2\/posts"}],"about":[{"href":"https:\/\/diariorepublica.com.ar\/web\/index.php\/wp-json\/wp\/v2\/types\/post"}],"author":[{"embeddable":true,"href":"https:\/\/diariorepublica.com.ar\/web\/index.php\/wp-json\/wp\/v2\/users\/1"}],"replies":[{"embeddable":true,"href":"https:\/\/diariorepublica.com.ar\/web\/index.php\/wp-json\/wp\/v2\/comments?post=8248"}],"version-history":[{"count":1,"href":"https:\/\/diariorepublica.com.ar\/web\/index.php\/wp-json\/wp\/v2\/posts\/8248\/revisions"}],"predecessor-version":[{"id":8250,"href":"https:\/\/diariorepublica.com.ar\/web\/index.php\/wp-json\/wp\/v2\/posts\/8248\/revisions\/8250"}],"wp:featuredmedia":[{"embeddable":true,"href":"https:\/\/diariorepublica.com.ar\/web\/index.php\/wp-json\/wp\/v2\/media\/8249"}],"wp:attachment":[{"href":"https:\/\/diariorepublica.com.ar\/web\/index.php\/wp-json\/wp\/v2\/media?parent=8248"}],"wp:term":[{"taxonomy":"category","embeddable":true,"href":"https:\/\/diariorepublica.com.ar\/web\/index.php\/wp-json\/wp\/v2\/categories?post=8248"},{"taxonomy":"post_tag","embeddable":true,"href":"https:\/\/diariorepublica.com.ar\/web\/index.php\/wp-json\/wp\/v2\/tags?post=8248"}],"curies":[{"name":"wp","href":"https:\/\/api.w.org\/{rel}","templated":true}]}}