{"id":8254,"date":"2023-10-06T08:43:00","date_gmt":"2023-10-06T11:43:00","guid":{"rendered":"https:\/\/diariorepublica.com.ar\/web\/?p=8254"},"modified":"2023-10-06T07:47:44","modified_gmt":"2023-10-06T10:47:44","slug":"maria-becerra-y-enrique-iglesias-presentaron-su-nuevo-videoclip","status":"publish","type":"post","link":"https:\/\/diariorepublica.com.ar\/web\/index.php\/espectaculos\/2023\/10\/06\/maria-becerra-y-enrique-iglesias-presentaron-su-nuevo-videoclip\/","title":{"rendered":"Mar\u00eda Becerra y Enrique Iglesias presentaron su nuevo videoclip"},"content":{"rendered":"<p>Luego del lanzamiento de\u00a0\u00abAs\u00ed es la vida\u00bb\u00a0la semana pasada, este jueves\u00a0<strong>Mar\u00eda Becerra y Enrique Iglesias estrenaron el videoclip de la bachata rom\u00e1ntica<\/strong>, del cual ambos son protagonistas y que posee\u00a0<strong>un gui\u00f1o a una exitosa pel\u00edcula.<\/strong><\/p>\n<p>\u00abLa Nena de Argentina\u00bb\u00a0y el cantautor espa\u00f1ol presentan una bachata que celebra su esencia y la mezcla con influencias contempor\u00e1neas. \u00ab<strong>La bachata es un ritmo que captur\u00f3 mi coraz\u00f3n desde el momento en que lo escuch\u00e9<\/strong>. Estoy encantado de regresar a este poderoso g\u00e9nero, esta vez acompa\u00f1ado del\u00a0<strong>gran talento de Mar\u00eda, que es \u00fanica<\/strong>\u00ab, destac\u00f3 Iglesias.<\/p>\n<p>En el clip, que ya se encuentra disponible en YouTube, los dos artistas interpretan a\u00a0<strong>una pareja que camina por la cornisa de un alto edificio,<\/strong>\u00a0en una suerte de met\u00e1fora sobre los riesgos que se corren cuando uno de enamora.<\/p>\n<p>Esta es\u00a0<strong>la primera colaboraci\u00f3n de Iglesias con la estrella argentina<\/strong>\u00a0despu\u00e9s de un a\u00f1o y medio sin m\u00fasica nueva y en coincidencia con la gira \u00abThe Trilogy Tour\u00bb, que realizar\u00e1 con Ricky Martin y Pitbull por 19 ciudades de Norteam\u00e9rica.<\/p>\n\n\n<figure class=\"wp-block-embed is-type-video is-provider-youtube wp-block-embed-youtube wp-embed-aspect-16-9 wp-has-aspect-ratio\"><div class=\"wp-block-embed__wrapper\">\n<iframe loading=\"lazy\" title=\"Enrique Iglesias, Maria Becerra - ASI ES LA VIDA (Official Video)\" width=\"800\" height=\"450\" src=\"https:\/\/www.youtube.com\/embed\/XUoXE3bmDJY?feature=oembed\" frameborder=\"0\" allow=\"accelerometer; autoplay; clipboard-write; encrypted-media; gyroscope; picture-in-picture; web-share\" allowfullscreen><\/iframe>\n<\/div><\/figure>\n","protected":false},"excerpt":{"rendered":"<p>Luego del lanzamiento de\u00a0\u00abAs\u00ed es la vida\u00bb\u00a0la semana pasada, este jueves\u00a0Mar\u00eda Becerra y Enrique Iglesias estrenaron el videoclip de la<\/p>\n","protected":false},"author":1,"featured_media":8255,"comment_status":"closed","ping_status":"closed","sticky":false,"template":"","format":"standard","meta":{"footnotes":"","jetpack_publicize_message":"","jetpack_publicize_feature_enabled":true,"jetpack_social_post_already_shared":true,"jetpack_social_options":{"image_generator_settings":{"template":"highway","enabled":false},"version":2}},"categories":[7],"tags":[],"class_list":["post-8254","post","type-post","status-publish","format-standard","has-post-thumbnail","hentry","category-espectaculos"],"jetpack_publicize_connections":[],"_links":{"self":[{"href":"https:\/\/diariorepublica.com.ar\/web\/index.php\/wp-json\/wp\/v2\/posts\/8254"}],"collection":[{"href":"https:\/\/diariorepublica.com.ar\/web\/index.php\/wp-json\/wp\/v2\/posts"}],"about":[{"href":"https:\/\/diariorepublica.com.ar\/web\/index.php\/wp-json\/wp\/v2\/types\/post"}],"author":[{"embeddable":true,"href":"https:\/\/diariorepublica.com.ar\/web\/index.php\/wp-json\/wp\/v2\/users\/1"}],"replies":[{"embeddable":true,"href":"https:\/\/diariorepublica.com.ar\/web\/index.php\/wp-json\/wp\/v2\/comments?post=8254"}],"version-history":[{"count":1,"href":"https:\/\/diariorepublica.com.ar\/web\/index.php\/wp-json\/wp\/v2\/posts\/8254\/revisions"}],"predecessor-version":[{"id":8256,"href":"https:\/\/diariorepublica.com.ar\/web\/index.php\/wp-json\/wp\/v2\/posts\/8254\/revisions\/8256"}],"wp:featuredmedia":[{"embeddable":true,"href":"https:\/\/diariorepublica.com.ar\/web\/index.php\/wp-json\/wp\/v2\/media\/8255"}],"wp:attachment":[{"href":"https:\/\/diariorepublica.com.ar\/web\/index.php\/wp-json\/wp\/v2\/media?parent=8254"}],"wp:term":[{"taxonomy":"category","embeddable":true,"href":"https:\/\/diariorepublica.com.ar\/web\/index.php\/wp-json\/wp\/v2\/categories?post=8254"},{"taxonomy":"post_tag","embeddable":true,"href":"https:\/\/diariorepublica.com.ar\/web\/index.php\/wp-json\/wp\/v2\/tags?post=8254"}],"curies":[{"name":"wp","href":"https:\/\/api.w.org\/{rel}","templated":true}]}}