{"id":8267,"date":"2023-10-06T09:01:18","date_gmt":"2023-10-06T12:01:18","guid":{"rendered":"https:\/\/diariorepublica.com.ar\/web\/?p=8267"},"modified":"2023-10-06T09:01:19","modified_gmt":"2023-10-06T12:01:19","slug":"el-debate-de-candidatos-deberia-ser-incluido-en-la-reforma-constitucional","status":"publish","type":"post","link":"https:\/\/diariorepublica.com.ar\/web\/index.php\/politica\/2023\/10\/06\/el-debate-de-candidatos-deberia-ser-incluido-en-la-reforma-constitucional\/","title":{"rendered":"\u201cEl debate de candidatos deber\u00eda ser inclu\u00eddo en la Reforma Constitucional\u201d"},"content":{"rendered":"<p>El mandatario Ra\u00fal Jalil, quien apunta a un segundo mandato gestionando la provincia dentro de Uni\u00f3n por la Patria, se refiri\u00f3 al pedido p\u00fablico de Juntos por el Cambio para la realizaci\u00f3n de un debate entre candidatos al sill\u00f3n de Avellaneda y Tula. El jefe de Estado local evit\u00f3 rechazar el convite opositor considerando que el debate de candidatos es uno de los temas que debe incluirse en una reforma de la Constituci\u00f3n Provincial.<\/p>\n<p>\u201cSiempre me pareci\u00f3 que todo debe ser parte de una reforma de la Constituci\u00f3n Provincial\u201d, respondi\u00f3 el mandatario. Con eso evit\u00f3 rechazar de plano (o al menos p\u00fablicamente) su participaci\u00f3n en un debate que fue planteado por la coalici\u00f3n opositora a menos de 20 d\u00edas de las elecciones generales. Jalil a la vez lament\u00f3 la actitud de Juntos por los cambios a la Carta Magna: \u201cEllos nunca lo aceptaron, ni cuando lo plante\u00f3 Luc\u00eda Corpacci en el 2014, ni cuando lo planteamos nosotros\u201d.<\/p>\n<p>De esta forma y pese a la constante negativa opositora, para el Gobernador \u201ctiene que ser planteado dentro de una reforma constitucional, donde se discuta la eliminaci\u00f3n de las reelecciones indefinidas y tambi\u00e9n incluir el debate, entre otros puntos\u201d.<\/p>\n","protected":false},"excerpt":{"rendered":"<p>El mandatario Ra\u00fal Jalil, quien apunta a un segundo mandato gestionando la provincia dentro de Uni\u00f3n por la Patria, se<\/p>\n","protected":false},"author":2,"featured_media":8268,"comment_status":"closed","ping_status":"closed","sticky":false,"template":"","format":"standard","meta":{"footnotes":"","jetpack_publicize_message":"","jetpack_publicize_feature_enabled":true,"jetpack_social_post_already_shared":true,"jetpack_social_options":{"image_generator_settings":{"template":"highway","enabled":false},"version":2}},"categories":[12],"tags":[],"class_list":["post-8267","post","type-post","status-publish","format-standard","has-post-thumbnail","hentry","category-politica"],"jetpack_publicize_connections":[],"_links":{"self":[{"href":"https:\/\/diariorepublica.com.ar\/web\/index.php\/wp-json\/wp\/v2\/posts\/8267"}],"collection":[{"href":"https:\/\/diariorepublica.com.ar\/web\/index.php\/wp-json\/wp\/v2\/posts"}],"about":[{"href":"https:\/\/diariorepublica.com.ar\/web\/index.php\/wp-json\/wp\/v2\/types\/post"}],"author":[{"embeddable":true,"href":"https:\/\/diariorepublica.com.ar\/web\/index.php\/wp-json\/wp\/v2\/users\/2"}],"replies":[{"embeddable":true,"href":"https:\/\/diariorepublica.com.ar\/web\/index.php\/wp-json\/wp\/v2\/comments?post=8267"}],"version-history":[{"count":1,"href":"https:\/\/diariorepublica.com.ar\/web\/index.php\/wp-json\/wp\/v2\/posts\/8267\/revisions"}],"predecessor-version":[{"id":8269,"href":"https:\/\/diariorepublica.com.ar\/web\/index.php\/wp-json\/wp\/v2\/posts\/8267\/revisions\/8269"}],"wp:featuredmedia":[{"embeddable":true,"href":"https:\/\/diariorepublica.com.ar\/web\/index.php\/wp-json\/wp\/v2\/media\/8268"}],"wp:attachment":[{"href":"https:\/\/diariorepublica.com.ar\/web\/index.php\/wp-json\/wp\/v2\/media?parent=8267"}],"wp:term":[{"taxonomy":"category","embeddable":true,"href":"https:\/\/diariorepublica.com.ar\/web\/index.php\/wp-json\/wp\/v2\/categories?post=8267"},{"taxonomy":"post_tag","embeddable":true,"href":"https:\/\/diariorepublica.com.ar\/web\/index.php\/wp-json\/wp\/v2\/tags?post=8267"}],"curies":[{"name":"wp","href":"https:\/\/api.w.org\/{rel}","templated":true}]}}