{"id":8270,"date":"2023-10-06T09:06:31","date_gmt":"2023-10-06T12:06:31","guid":{"rendered":"https:\/\/diariorepublica.com.ar\/web\/?p=8270"},"modified":"2023-10-06T09:06:33","modified_gmt":"2023-10-06T12:06:33","slug":"el-cd-de-la-ciudad-sin-actividades","status":"publish","type":"post","link":"https:\/\/diariorepublica.com.ar\/web\/index.php\/politica\/2023\/10\/06\/el-cd-de-la-ciudad-sin-actividades\/","title":{"rendered":"El CD  de la Ciudad sin actividades"},"content":{"rendered":"<p>Por segundo jueves consecutivo, el Concejo Deliberante de la ciudad Capital no tuvo su sesi\u00f3n ordinaria y seg\u00fan lo que pudo conocer este medio, los ediles se pusieron de acuerdo para no asistir en la jornada de ayer.<\/p>\n<p>Solo el concejal Fernando Navarro estar\u00eda bajo justificaciones m\u00e9dicas, pero de acuerdo a lo que se pudo constatar, no se present\u00f3 ninguno. Si bien no hubo una justificaci\u00f3n oficial, fuentes indicaron que habr\u00eda un acuerdo para que cada integrante vaya a recolectar votos para la campa\u00f1a pol\u00edtica y traccionar voluntades para sus espacios<\/p>\n<p>El jueves pasado, si bien hubo algunos legisladores presentes, la gran mayor\u00eda falt\u00f3 bajo la excusa del paro realizado por el Sindicato de Obreros y Empleados Municipales, que concluy\u00f3 a las 10 de la ma\u00f1ana, cuando se dict\u00f3 la conciliaci\u00f3n obligatoria por parte del municipio. Posteriormente a estos hechos, se dio de baja la sesi\u00f3n por falta de qu\u00f3rum.<\/p>\n","protected":false},"excerpt":{"rendered":"<p>Por segundo jueves consecutivo, el Concejo Deliberante de la ciudad Capital no tuvo su sesi\u00f3n ordinaria y seg\u00fan lo que<\/p>\n","protected":false},"author":2,"featured_media":8271,"comment_status":"closed","ping_status":"closed","sticky":false,"template":"","format":"standard","meta":{"footnotes":"","jetpack_publicize_message":"","jetpack_publicize_feature_enabled":true,"jetpack_social_post_already_shared":true,"jetpack_social_options":{"image_generator_settings":{"template":"highway","enabled":false},"version":2}},"categories":[12],"tags":[],"class_list":["post-8270","post","type-post","status-publish","format-standard","has-post-thumbnail","hentry","category-politica"],"jetpack_publicize_connections":[],"_links":{"self":[{"href":"https:\/\/diariorepublica.com.ar\/web\/index.php\/wp-json\/wp\/v2\/posts\/8270"}],"collection":[{"href":"https:\/\/diariorepublica.com.ar\/web\/index.php\/wp-json\/wp\/v2\/posts"}],"about":[{"href":"https:\/\/diariorepublica.com.ar\/web\/index.php\/wp-json\/wp\/v2\/types\/post"}],"author":[{"embeddable":true,"href":"https:\/\/diariorepublica.com.ar\/web\/index.php\/wp-json\/wp\/v2\/users\/2"}],"replies":[{"embeddable":true,"href":"https:\/\/diariorepublica.com.ar\/web\/index.php\/wp-json\/wp\/v2\/comments?post=8270"}],"version-history":[{"count":1,"href":"https:\/\/diariorepublica.com.ar\/web\/index.php\/wp-json\/wp\/v2\/posts\/8270\/revisions"}],"predecessor-version":[{"id":8272,"href":"https:\/\/diariorepublica.com.ar\/web\/index.php\/wp-json\/wp\/v2\/posts\/8270\/revisions\/8272"}],"wp:featuredmedia":[{"embeddable":true,"href":"https:\/\/diariorepublica.com.ar\/web\/index.php\/wp-json\/wp\/v2\/media\/8271"}],"wp:attachment":[{"href":"https:\/\/diariorepublica.com.ar\/web\/index.php\/wp-json\/wp\/v2\/media?parent=8270"}],"wp:term":[{"taxonomy":"category","embeddable":true,"href":"https:\/\/diariorepublica.com.ar\/web\/index.php\/wp-json\/wp\/v2\/categories?post=8270"},{"taxonomy":"post_tag","embeddable":true,"href":"https:\/\/diariorepublica.com.ar\/web\/index.php\/wp-json\/wp\/v2\/tags?post=8270"}],"curies":[{"name":"wp","href":"https:\/\/api.w.org\/{rel}","templated":true}]}}