{"id":8343,"date":"2023-10-09T08:54:45","date_gmt":"2023-10-09T11:54:45","guid":{"rendered":"https:\/\/diariorepublica.com.ar\/web\/?p=8343"},"modified":"2023-10-09T08:54:47","modified_gmt":"2023-10-09T11:54:47","slug":"el-norte-grande-es-un-ejemplo-de-armonia-politica","status":"publish","type":"post","link":"https:\/\/diariorepublica.com.ar\/web\/index.php\/politica\/2023\/10\/09\/el-norte-grande-es-un-ejemplo-de-armonia-politica\/","title":{"rendered":"\u00abEl Norte Grande es un ejemplo de armon\u00eda pol\u00edtica\u00bb"},"content":{"rendered":"<p>El gobernador Ra\u00fal Jalil (UP) valor\u00f3 el rol de la Liga de Gobernadores del Norte Grande y volvi\u00f3 a respaldar al candidato a presidente del sector, Sergio Massa. \u00abEs un ejemplo de armon\u00eda en la diversidad pol\u00edtica\u00bb, sostuvo. Tambi\u00e9n ponder\u00f3 la gesti\u00f3n de Alberto Fern\u00e1ndez en la Presidencia.<\/p>\n<p>Jalil destac\u00f3 que \u00aben el norte argentino formamos el Norte Grande, en donde hay varios gobernadores que no son del partido peronista y hemos podido llevar adelante pol\u00edticas de Estado que han mejorado las iniciativas del turismo, por ejemplo\u00bb. \u00abEstamos trabajando con el ministro Wado de Pedro y con Israel para el manejo del agua potable en Catamarca y otras provincias. Creo que hay que seguir y el Norte Grande es un ejemplo de armon\u00eda en la diversidad de los partidos pol\u00edticos\u00bb<\/p>\n<p>En esa l\u00ednea, pidi\u00f3 \u00abno subestimar ni a los candidatos ni a la gente\u00bb. \u00abVarios gobernadores estamos trabajando directamente con Sergio Massa porque estamos convencidos de que hay que seguir con sus pol\u00edticas. \u00c9l est\u00e1 muy activo en lo que significa en proyectos que a nivel nacional le mejoran la calidad de vida a la gente, como sacar el Impuesto a las Ganancias o la devoluci\u00f3n del IVA en los alimentos\u00bb, se\u00f1al\u00f3.<\/p>\n<p>Jalil valor\u00f3 el respaldo del Gobierno nacional durante su gesti\u00f3n y destac\u00f3 que Alberto Fern\u00e1ndez fue \u00abel presidente que m\u00e1s veces vino a Catamarca en la historia\u00bb. \u00abAlberto Fern\u00e1ndez ha sido una persona muy allegada a los catamarque\u00f1os y catamarque\u00f1as. Ha hecho muchas cosas buenas, como el plan de obra p\u00fablica y de viviendas; el PreViaje ha sido muy bueno. Ha mantenido unido a todos los argentinos y sobre todo a nuestro frente pol\u00edtico\u00bb<\/p>\n","protected":false},"excerpt":{"rendered":"<p>El gobernador Ra\u00fal Jalil (UP) valor\u00f3 el rol de la Liga de Gobernadores del Norte Grande y volvi\u00f3 a respaldar<\/p>\n","protected":false},"author":2,"featured_media":8344,"comment_status":"closed","ping_status":"closed","sticky":false,"template":"","format":"standard","meta":{"footnotes":"","jetpack_publicize_message":"","jetpack_publicize_feature_enabled":true,"jetpack_social_post_already_shared":true,"jetpack_social_options":{"image_generator_settings":{"template":"highway","enabled":false},"version":2}},"categories":[12],"tags":[],"class_list":["post-8343","post","type-post","status-publish","format-standard","has-post-thumbnail","hentry","category-politica"],"jetpack_publicize_connections":[],"_links":{"self":[{"href":"https:\/\/diariorepublica.com.ar\/web\/index.php\/wp-json\/wp\/v2\/posts\/8343"}],"collection":[{"href":"https:\/\/diariorepublica.com.ar\/web\/index.php\/wp-json\/wp\/v2\/posts"}],"about":[{"href":"https:\/\/diariorepublica.com.ar\/web\/index.php\/wp-json\/wp\/v2\/types\/post"}],"author":[{"embeddable":true,"href":"https:\/\/diariorepublica.com.ar\/web\/index.php\/wp-json\/wp\/v2\/users\/2"}],"replies":[{"embeddable":true,"href":"https:\/\/diariorepublica.com.ar\/web\/index.php\/wp-json\/wp\/v2\/comments?post=8343"}],"version-history":[{"count":1,"href":"https:\/\/diariorepublica.com.ar\/web\/index.php\/wp-json\/wp\/v2\/posts\/8343\/revisions"}],"predecessor-version":[{"id":8345,"href":"https:\/\/diariorepublica.com.ar\/web\/index.php\/wp-json\/wp\/v2\/posts\/8343\/revisions\/8345"}],"wp:featuredmedia":[{"embeddable":true,"href":"https:\/\/diariorepublica.com.ar\/web\/index.php\/wp-json\/wp\/v2\/media\/8344"}],"wp:attachment":[{"href":"https:\/\/diariorepublica.com.ar\/web\/index.php\/wp-json\/wp\/v2\/media?parent=8343"}],"wp:term":[{"taxonomy":"category","embeddable":true,"href":"https:\/\/diariorepublica.com.ar\/web\/index.php\/wp-json\/wp\/v2\/categories?post=8343"},{"taxonomy":"post_tag","embeddable":true,"href":"https:\/\/diariorepublica.com.ar\/web\/index.php\/wp-json\/wp\/v2\/tags?post=8343"}],"curies":[{"name":"wp","href":"https:\/\/api.w.org\/{rel}","templated":true}]}}