{"id":8346,"date":"2023-10-09T09:01:36","date_gmt":"2023-10-09T12:01:36","guid":{"rendered":"https:\/\/diariorepublica.com.ar\/web\/?p=8346"},"modified":"2023-10-09T09:01:37","modified_gmt":"2023-10-09T12:01:37","slug":"arrancan-los-debates-de-candidatos-de-la-ciudad","status":"publish","type":"post","link":"https:\/\/diariorepublica.com.ar\/web\/index.php\/politica\/2023\/10\/09\/arrancan-los-debates-de-candidatos-de-la-ciudad\/","title":{"rendered":"Arrancan los debates de candidatos de la Ciudad"},"content":{"rendered":"<p>A diferencia de lo que ocurre a nivel provincial, donde el debate de candidatos no se encuentra institucionalizado, la ciudad Capital contempla la discusi\u00f3n p\u00fablica entre los aspirantes a diferentes cargos electivos, y la ronda de debates se desarrollar\u00e1 esta semana.<\/p>\n<p>Hoy arranca el debate de los candidatos a concejales, ma\u00f1ana seguir\u00e1 con postulantes a ediles de otros circuitos, el mi\u00e9rcoles se har\u00e1 una pausa y el jueves se completar\u00e1 la ronda con los candidatos a intendente.<\/p>\n<p>El mayor inter\u00e9s, l\u00f3gicamente, se concentra en el jueves, donde el actual intendente, el peronista Gustavo Saadi, se medir\u00e1 con los tres oponentes que tendr\u00e1 el 22 de octubre: Francisco Monti (Juntos por el Cambio), Pedro saracho (Frente de Izquierda) y Javier Varela (La Libertad Avanza).<\/p>\n<p>Saadi consigui\u00f3 en las primarias un contundente triunfo con casi 30 punto de ventaja sobre su m\u00e1s inmediato perseguidor, y es adem\u00e1s el \u00fanico que ya tiene experiencia en estas lides, puesto que particip\u00f3 tambi\u00e9n en el debate de candidatos a intendente en 2019.<\/p>\n<p>Como es de rigor en estas instancias, el reglamento proh\u00edbe l\u00f3gicamente toda clase de agresiones o invadir el espacio de otro candidato, proh\u00edbe la utilizaci\u00f3n de dispositivos y tampoco se permite exhibir papeles o gr\u00e1ficos.<\/p>\n<p>Cada candidato puede contar con un asesor, aunque no es obligatorio que \u00e9ste \u00faltimo asista.<\/p>\n<p>Las tem\u00e1ticas son interesantes, aunque lo que atenta contra estos encuentros es sin dudas el tiempo, ya que se debe exponer sobre cuestiones muy complejas en unos pocos segundos&#8230; pero as\u00ed son las reglas de juego para todos y ser\u00e1 cuesti\u00f3n de ver qui\u00e9n sortea esas dificultades y lo sabe aprovechar mejor.<\/p>\n<p>\u00a0<\/p>\n<p>CANDIDATOS A CONCEJALES<\/p>\n<p>CIRCUITO 1-2<br \/>&#8211; Juntos por el Cambio \u2013 Daniel A. Ortega<br \/>&#8211; La Libertad Avanza \u2013 Marta L. Spina<br \/>&#8211; Uni\u00f3n por la Patria \u2013 Daiana Cippitelli<\/p>\n<p>CIRCUITO 3<br \/>&#8211; Frente de Izquierda y Trabajadores \u2013 Jenifer Figueroa<br \/>&#8211; Juntos por el Cambio \u2013 Alejandra de los A. De La Fuente<br \/>&#8211; La Libertad Avanza \u2013 Salom\u00e9 del V. Leiva Daza<br \/>&#8211; Uni\u00f3n por la Patria \u2013 M\u00f3nica L. Romero<\/p>\n<p>CIRCUITO 4<br \/>&#8211; Juntos por el Cambio \u2013 Jorge G. D\u00edaz<br \/>&#8211; La Libertad Avanza \u2013 Nestor D. Luna<br \/>&#8211; Uni\u00f3n por la Patria \u2013 Gustavo E. Fr\u00edas<\/p>\n<p>CIRCUITO 5<br \/>&#8211; Frente de Izquierda y Trabajadores \u2013 Sandra Juarez<br \/>&#8211; Juntos por el Cambio \u2013 Carlos F. Savio<br \/>&#8211; La Libertad Avanza \u2013 Maira L. Castillo<br \/>&#8211; Uni\u00f3n por la Patria \u2013 Miguel A. Rasjido<\/p>\n<p>CIRCUITO 6<br \/>&#8211; Juntos por el Cambio \u2013 Aldo E. Cancino<br \/>&#8211; La Libertad Avanza \u2013 Luis Garriga<br \/>&#8211; Uni\u00f3n por la Patria \u2013 Alejandro Carrizo<\/p>\n<p>CIRCUITO 7<br \/>&#8211; Frente de Izquierda y Trabajadores \u2013 Juan J. Carrazana<br \/>&#8211; Juntos por el Cambio \u2013 M. Ver\u00f3nica Zurita<br \/>&#8211; La Libertad Avanza \u2013 Claudia R. Guzm\u00e1n<br \/>&#8211; Uni\u00f3n por la Patria \u2013 Matias S. Funes Fadel<\/p>\n<p>CIRCUITO 8-9<br \/>&#8211; Juntos por el Cambio \u2013 Rodolfo A. Vergara<br \/>&#8211; La Libertad Avanza \u2013 M. Gabriela Camprov\u00edn<br \/>&#8211; Uni\u00f3n por la Patria \u2013 Francisco E. Sosa<\/p>\n<p>\u00a0<\/p>\n<p>TEMAS DE LOS DEBATES<\/p>\n<p>Los candidatos a Intendente tendr\u00e1n el siguiente temario:<\/p>\n<p>CIUDAD SUSTENTABLE<br \/>Infraestructura Urbana<br \/>H\u00e1bitat, Vivienda<br \/>Medio Ambiente<br \/>Tr\u00e1nsito<\/p>\n<p>DESARROLLO HUMANO<br \/>Educaci\u00f3n<br \/>Salud<br \/>Desarrollo econ\u00f3mico y Empleo<br \/>Pol\u00edticas sociales<\/p>\n<p>INSTITUCIONALIDAD Y PARTICIPACION<br \/>Participaci\u00f3n Ciudadana<br \/>G\u00e9nero y Diversidad<br \/>Planificaci\u00f3n Estrat\u00e9gica<br \/>Seguridad<\/p>\n<p>MENSAJE DE CIERRE<\/p>\n<p>Los candidatos a concejales expondr\u00e1n s\u00f3lo sobre sus propuestas legislativas.<\/p>\n<p>ORDEN<\/p>\n<p>HOY &#8211; Candidatos a Concejal por el Circuito 1 y 2, Circuito 4, Circuito 6 y Circuito 8 y 9<\/p>\n<p>MA\u00d1ANA<br \/>Candidatos a Concejal por el Circuito 3, Circuito 5 y Circuito 7<\/p>\n<p>JUEVES 12<br \/>Candidatos a Intendente<\/p>\n","protected":false},"excerpt":{"rendered":"<p>A diferencia de lo que ocurre a nivel provincial, donde el debate de candidatos no se encuentra institucionalizado, la ciudad<\/p>\n","protected":false},"author":2,"featured_media":8347,"comment_status":"closed","ping_status":"closed","sticky":false,"template":"","format":"standard","meta":{"footnotes":"","jetpack_publicize_message":"","jetpack_publicize_feature_enabled":true,"jetpack_social_post_already_shared":true,"jetpack_social_options":{"image_generator_settings":{"template":"highway","enabled":false},"version":2}},"categories":[12],"tags":[],"class_list":["post-8346","post","type-post","status-publish","format-standard","has-post-thumbnail","hentry","category-politica"],"jetpack_publicize_connections":[],"_links":{"self":[{"href":"https:\/\/diariorepublica.com.ar\/web\/index.php\/wp-json\/wp\/v2\/posts\/8346"}],"collection":[{"href":"https:\/\/diariorepublica.com.ar\/web\/index.php\/wp-json\/wp\/v2\/posts"}],"about":[{"href":"https:\/\/diariorepublica.com.ar\/web\/index.php\/wp-json\/wp\/v2\/types\/post"}],"author":[{"embeddable":true,"href":"https:\/\/diariorepublica.com.ar\/web\/index.php\/wp-json\/wp\/v2\/users\/2"}],"replies":[{"embeddable":true,"href":"https:\/\/diariorepublica.com.ar\/web\/index.php\/wp-json\/wp\/v2\/comments?post=8346"}],"version-history":[{"count":1,"href":"https:\/\/diariorepublica.com.ar\/web\/index.php\/wp-json\/wp\/v2\/posts\/8346\/revisions"}],"predecessor-version":[{"id":8348,"href":"https:\/\/diariorepublica.com.ar\/web\/index.php\/wp-json\/wp\/v2\/posts\/8346\/revisions\/8348"}],"wp:featuredmedia":[{"embeddable":true,"href":"https:\/\/diariorepublica.com.ar\/web\/index.php\/wp-json\/wp\/v2\/media\/8347"}],"wp:attachment":[{"href":"https:\/\/diariorepublica.com.ar\/web\/index.php\/wp-json\/wp\/v2\/media?parent=8346"}],"wp:term":[{"taxonomy":"category","embeddable":true,"href":"https:\/\/diariorepublica.com.ar\/web\/index.php\/wp-json\/wp\/v2\/categories?post=8346"},{"taxonomy":"post_tag","embeddable":true,"href":"https:\/\/diariorepublica.com.ar\/web\/index.php\/wp-json\/wp\/v2\/tags?post=8346"}],"curies":[{"name":"wp","href":"https:\/\/api.w.org\/{rel}","templated":true}]}}